{"id":15289,"date":"2022-10-20T16:35:39","date_gmt":"2022-10-20T19:35:39","guid":{"rendered":"http:\/\/coronelxavierchaves.mg.gov.br\/prefeitura\/?p=15289"},"modified":"2026-02-27T11:15:28","modified_gmt":"2026-02-27T14:15:28","slug":"contratacao-de-empresa-especializada-na-prestacao-de-servico-de-seguro-automotivo-para-atender-a-frota-da-prefeitura-municipal-pl-74-2022","status":"publish","type":"post","link":"https:\/\/coronelxavierchaves.mg.gov.br\/prefeitura\/2022\/10\/20\/contratacao-de-empresa-especializada-na-prestacao-de-servico-de-seguro-automotivo-para-atender-a-frota-da-prefeitura-municipal-pl-74-2022\/","title":{"rendered":"Contrata\u00e7\u00e3o De Empresa Especializada Na Presta\u00e7\u00e3o De Servi\u00e7o De Seguro Automotivo Para Atender A Frota Da Prefeitura Municipal&#8230; (PL 74\/2022)"},"content":{"rendered":"<blockquote>\n<p style=\"text-align: center;\">DOWNLOADS<\/p>\n<\/blockquote>\n<ul>\n<li><a href=\"http:\/\/coronelxavierchaves.mg.gov.br\/prefeitura\/wp-content\/uploads\/2022\/10\/05-EDITAL-SEGURO-FROTA-2022.pdf\">EDITAL <\/a>, publicado em 20\/10\/2022 \u00e0s 16:34h.<\/li>\n<li><a href=\"http:\/\/coronelxavierchaves.mg.gov.br\/prefeitura\/wp-content\/uploads\/2022\/11\/12-CONTRATO-SEGURO-publicar.pdf\">CONTRATO<\/a>, publicado em 11\/11\/2022 \u00e0s 20:08h.<\/li>\n<li><a href=\"https:\/\/coronelxavierchaves.mg.gov.br\/prefeitura\/wp-content\/uploads\/2023\/11\/1o-TERMO-DE-ADITAMENTO-GENTE-SEGURADORA-74-2022.pdf\">1\u00ba TERMO ADITIVO<\/a>, publicado em 07\/11\/2023 \u00e0s 16:20h.<\/li>\n<li><a href=\"https:\/\/coronelxavierchaves.mg.gov.br\/prefeitura\/wp-content\/uploads\/2024\/02\/2o-TERMO-DE-ADITAMENTO-GENTE-SEG-74-2022.pdf\">2\u00ba TERMO ADITIVO<\/a>, publicado em 19\/02\/2024 \u00e0s 09:23h.<\/li>\n<li><a href=\"https:\/\/coronelxavierchaves.mg.gov.br\/prefeitura\/wp-content\/uploads\/2024\/06\/3o-TERMO-DE-ADITAMENTO-GENTE-SEG-74-2022.pdf\">3\u00ba TERMO ADITIVO<\/a>, publicado em 27\/06\/2024 \u00e0s 08:58h.<\/li>\n<li><a href=\"https:\/\/coronelxavierchaves.mg.gov.br\/prefeitura\/wp-content\/uploads\/2024\/10\/4o-TERMO-DE-ADITAMENTO-GENTE-SEG-74-2022.pdf\">4\u00ba TERMO ADITIVO<\/a>, publicado em 29\/10\/2024 \u00e0s 08:09h.<\/li>\n<li><a href=\"https:\/\/coronelxavierchaves.mg.gov.br\/prefeitura\/wp-content\/uploads\/2024\/11\/5o-TERMO-DE-ADITAMENTO-GENTE-SEG-PUB-74-2022.pdf\">5\u00ba TERMO ADITIVO<\/a>, publicado em 01\/11\/2024 \u00e0s 16:14h.<\/li>\n<li><a href=\"https:\/\/coronelxavierchaves.mg.gov.br\/prefeitura\/wp-content\/uploads\/2024\/12\/6o-TERMO-DE-ADITAMENTO-GENTE-SEG-74-2022.pdf\">6\u00ba TERMO ADITIVO<\/a>, publicado em 05\/12\/2024 \u00e0s 14:10h.<\/li>\n<li><a href=\"https:\/\/coronelxavierchaves.mg.gov.br\/prefeitura\/wp-content\/uploads\/2025\/01\/7o-TERMO-DE-ADITAMENTO-GENTE-SEG-74-2022.pdf\">7\u00ba TERMO ADITIVO<\/a>, publicado em 13\/01\/2025 \u00e0s 11:46h.<\/li>\n<li><a href=\"https:\/\/coronelxavierchaves.mg.gov.br\/prefeitura\/wp-content\/uploads\/2025\/03\/8o-TERMO-DE-ADITAMENTO-GENTE-SEG-publicar.pdf\">8\u00ba TERMO ADITIVO<\/a>, publicado em 17\/03\/2025 \u00e0s 14:19h.<\/li>\n<li><a href=\"https:\/\/coronelxavierchaves.mg.gov.br\/prefeitura\/wp-content\/uploads\/2025\/06\/9o-TERMO-DE-ADITAMENTO-GENTE-SEG-74-2022.pdf\">9\u00ba TERMO ADITIVO<\/a>, publicado em 17\/06\/2025 \u00e0s 15:40h.<\/li>\n<li><a href=\"https:\/\/coronelxavierchaves.mg.gov.br\/prefeitura\/wp-content\/uploads\/2025\/08\/10o-TERMO-DE-ADITAMENTO-GENTE-SEG-74-2022.pdf\">10\u00ba TERMO ADITIVO<\/a>, publicado em 29\/08\/2025 \u00e0s 14:39h.<\/li>\n<li><a href=\"https:\/\/coronelxavierchaves.mg.gov.br\/prefeitura\/wp-content\/uploads\/2025\/12\/11o-TERMO-DE-ADITAMENTO-GENTE-SEG-74-2022.pdf\">11\u00ba TERMO ADITIVO<\/a>, publicado em 04\/12\/2025 \u00e0s 10:27h.<\/li>\n<li><a href=\"https:\/\/coronelxavierchaves.mg.gov.br\/prefeitura\/wp-content\/uploads\/2025\/12\/12o-TERMO-DE-ADITAMENTO-GENTE-SEG-74-2022.pdf\">12\u00ba TERMO ADITIVO<\/a>, publicado em 30\/12\/2025 \u00e0s 15:41h.<\/li>\n<li><a href=\"https:\/\/coronelxavierchaves.mg.gov.br\/prefeitura\/wp-content\/uploads\/2026\/02\/13o-ADITIVO-GENTE-SEGURADORA-74-2022.pdf\">13\u00ba TERMO ADITIVO<\/a>, publicado em 27\/02\/2026 \u00e0s 11:15h.<\/li>\n<\/ul>\n<p>&nbsp;<\/p>\n<p style=\"font-weight: 400;\"><strong><u>AVISO DE LICITA\u00c7\u00c3O<\/u><\/strong><\/p>\n<p style=\"font-weight: 400;\">Prefeitura Municipal de Coronel Xavier Chaves\/MG. Aviso de\u00a0Licita\u00e7\u00e3o<strong>\u00a0&#8211; Processo Licitat\u00f3rio \u2013 74\/2022, Preg\u00e3o Presencial\u2013 51\/2022, do tipo\u00a0<u>Menor Pre\u00e7o Global.<\/u>\u00a0Objeto<u>\u00a0CONTRATA\u00c7\u00c3O DE EMPRESA ESPECIALIZADA NA PRESTA\u00c7\u00c3O DE SERVI\u00c7O DE SEGURO AUTOMOTIVO PARA ATENDER A FROTA DA PREFEITURA MUNICIPAL DE CORONEL XAVIER CHAVES<\/u><\/strong><strong><em>.\u00a0<\/em><\/strong><u>Credenciamento<\/u>:\u00a0<strong>08\/11\/2022 das 08h00min \u00e0s 08h15min.\u00a0<\/strong><u>Abertura:<\/u><strong>\u00a008\/11\/2022, ap\u00f3s o credenciamento.<\/strong>\u00a0O edital est\u00e1 dispon\u00edvel no Site-\u201c<a href=\"http:\/\/www.coronelxavierchaves.mg.gov.br\/\" data-saferedirecturl=\"https:\/\/www.google.com\/url?q=http:\/\/www.coronelxavierchaves.mg.gov.br&amp;source=gmail&amp;ust=1666380443861000&amp;usg=AOvVaw0PHIbUhn5FEsDTico6NupL\">www.coronelxavierchaves.mg.gov.br<\/a>&#8220;, informa\u00e7\u00f5es\u00a0na prefeitura municipal \u00e0 Rua Padre Reis, 84, Centro, Coronel Xavier Chaves\/MG, no hor\u00e1rio de 08h00min as 12h00min e de 13h00min as 16h00min. Tel.:\u00a0<a href=\"tel:%2832%29%203357-1235\">(32) 3357-1235<\/a>. Coronel Xavier Chaves, 20 de outubro de 2022. Beatriz Rayze de Resende &#8211; Pregoeira.<\/p>\n<p>&nbsp;<\/p>\n<div class=\"printshowonly\">\n<p>*<b>PUBLICA\u00c7\u00c3O<\/b><\/p>\n<ul>\n<li>Um destaque desta publica\u00e7\u00e3o foi gerado na p\u00e1gina inicial do site, dispon\u00edvel at\u00e9 que demais publica\u00e7\u00f5es sejam realizadas.<\/li>\n<li>Uma publica\u00e7\u00e3o permanente foi feita na p\u00e1gina de Editais e Licita\u00e7\u00f5es.<\/li>\n<li>Link para acesso:\u00a0http:\/\/coronelxavierchaves.mg.gov.br\/prefeitura\/wp-json\/wp\/v2\/posts\/15289<\/li>\n<\/ul>\n<\/div>\n","protected":false},"excerpt":{"rendered":"<p>DOWNLOADS EDITAL , publicado em 20\/10\/2022 \u00e0s 16:34h. CONTRATO, publicado em 11\/11\/2022 \u00e0s 20:08h. 1\u00ba TERMO ADITIVO, publicado em 07\/11\/2023 \u00e0s 16:20h. 2\u00ba TERMO ADITIVO, publicado em 19\/02\/2024 \u00e0s 09:23h. 3\u00ba TERMO ADITIVO, publicado em 27\/06\/2024 \u00e0s 08:58h. 4\u00ba TERMO ADITIVO, publicado em 29\/10\/2024 \u00e0s 08:09h. 5\u00ba TERMO ADITIVO, publicado em 01\/11\/2024 \u00e0s 16:14h. 6\u00ba [&hellip;]<\/p>\n","protected":false},"author":8,"featured_media":4366,"comment_status":"closed","ping_status":"closed","sticky":false,"template":"","format":"standard","meta":{"footnotes":"","_links_to":"","_links_to_target":""},"categories":[102],"tags":[],"class_list":{"0":"post-15289","1":"post","2":"type-post","3":"status-publish","4":"format-standard","5":"has-post-thumbnail","7":"category-editais-de-licitacao-2022"},"_links":{"self":[{"href":"https:\/\/coronelxavierchaves.mg.gov.br\/prefeitura\/wp-json\/wp\/v2\/posts\/15289","targetHints":{"allow":["GET"]}}],"collection":[{"href":"https:\/\/coronelxavierchaves.mg.gov.br\/prefeitura\/wp-json\/wp\/v2\/posts"}],"about":[{"href":"https:\/\/coronelxavierchaves.mg.gov.br\/prefeitura\/wp-json\/wp\/v2\/types\/post"}],"author":[{"embeddable":true,"href":"https:\/\/coronelxavierchaves.mg.gov.br\/prefeitura\/wp-json\/wp\/v2\/users\/8"}],"replies":[{"embeddable":true,"href":"https:\/\/coronelxavierchaves.mg.gov.br\/prefeitura\/wp-json\/wp\/v2\/comments?post=15289"}],"version-history":[{"count":16,"href":"https:\/\/coronelxavierchaves.mg.gov.br\/prefeitura\/wp-json\/wp\/v2\/posts\/15289\/revisions"}],"predecessor-version":[{"id":26923,"href":"https:\/\/coronelxavierchaves.mg.gov.br\/prefeitura\/wp-json\/wp\/v2\/posts\/15289\/revisions\/26923"}],"wp:featuredmedia":[{"embeddable":true,"href":"https:\/\/coronelxavierchaves.mg.gov.br\/prefeitura\/wp-json\/wp\/v2\/media\/4366"}],"wp:attachment":[{"href":"https:\/\/coronelxavierchaves.mg.gov.br\/prefeitura\/wp-json\/wp\/v2\/media?parent=15289"}],"wp:term":[{"taxonomy":"category","embeddable":true,"href":"https:\/\/coronelxavierchaves.mg.gov.br\/prefeitura\/wp-json\/wp\/v2\/categories?post=15289"},{"taxonomy":"post_tag","embeddable":true,"href":"https:\/\/coronelxavierchaves.mg.gov.br\/prefeitura\/wp-json\/wp\/v2\/tags?post=15289"}],"curies":[{"name":"wp","href":"https:\/\/api.w.org\/{rel}","templated":true}]}}