{"id":15309,"date":"2022-10-24T19:13:15","date_gmt":"2022-10-24T22:13:15","guid":{"rendered":"http:\/\/coronelxavierchaves.mg.gov.br\/prefeitura\/?p=15309"},"modified":"2023-02-13T16:15:44","modified_gmt":"2023-02-13T19:15:44","slug":"processo-seletivo-simplificado-para-contratacao-temporaria-de-medicos-edital-004-2022-analise-curricular","status":"publish","type":"post","link":"https:\/\/coronelxavierchaves.mg.gov.br\/prefeitura\/2022\/10\/24\/processo-seletivo-simplificado-para-contratacao-temporaria-de-medicos-edital-004-2022-analise-curricular\/","title":{"rendered":"Processo seletivo simplificado para contrata\u00e7\u00e3o tempor\u00e1ria de m\u00e9dicos &#8211; Edital 004\/2022 &#8211; An\u00e1lise curricular"},"content":{"rendered":"<ul>\n<li><a href=\"http:\/\/coronelxavierchaves.mg.gov.br\/prefeitura\/wp-content\/uploads\/2022\/10\/Edital-Processo-Seletivo-004-2022-Contratacao-Temporaria-Medicos-Coronel-Xavier-Chaves..pdf\">EDITAL<\/a>, publicado em 24\/10\/2022 \u00e0s 16:55h.<\/li>\n<li><a href=\"http:\/\/coronelxavierchaves.mg.gov.br\/prefeitura\/wp-content\/uploads\/2022\/11\/retificacao-processo-seletivo-simplificado-n-004-2022.pdf\">RETIFICA\u00c7\u00c3O N\u00ba 01<\/a>, publicado em 22\/11\/2022 \u00e0s 15:54h.<\/li>\n<li><a href=\"http:\/\/coronelxavierchaves.mg.gov.br\/prefeitura\/wp-content\/uploads\/2022\/11\/202211231442.pdf\">RESULTADO PRELIMINAR<\/a>, publicado em 23\/11\/2022 \u00e0s 15:25h.<\/li>\n<li><a href=\"http:\/\/coronelxavierchaves.mg.gov.br\/prefeitura\/wp-content\/uploads\/2022\/12\/Resultado-Final-Processo-seletivo-no-004-2022-Medicos.pdf\">RESULTADO FINAL<\/a>, publicado em 15\/12\/2022 \u00e0s 14:45h.<\/li>\n<li><a href=\"http:\/\/coronelxavierchaves.mg.gov.br\/prefeitura\/wp-content\/uploads\/2023\/02\/EDITAL-DE-CONVOCACAO-MEDICO-30-HORAS.pdf\">EDITAL DE CONVOCA\u00c7\u00c3O<\/a>, publicado em 13\/02\/2023 \u00e0s 16:15h.<\/li>\n<\/ul>\n","protected":false},"excerpt":{"rendered":"<p>EDITAL, publicado em 24\/10\/2022 \u00e0s 16:55h. RETIFICA\u00c7\u00c3O N\u00ba 01, publicado em 22\/11\/2022 \u00e0s 15:54h. RESULTADO PRELIMINAR, publicado em 23\/11\/2022 \u00e0s 15:25h. RESULTADO FINAL, publicado em 15\/12\/2022 \u00e0s 14:45h. EDITAL DE CONVOCA\u00c7\u00c3O, publicado em 13\/02\/2023 \u00e0s 16:15h.<\/p>\n","protected":false},"author":8,"featured_media":4366,"comment_status":"open","ping_status":"open","sticky":false,"template":"","format":"standard","meta":{"footnotes":"","_links_to":"","_links_to_target":""},"categories":[100],"tags":[],"class_list":{"0":"post-15309","1":"post","2":"type-post","3":"status-publish","4":"format-standard","5":"has-post-thumbnail","7":"category-concursos-e-processos-seletivos-2022"},"_links":{"self":[{"href":"https:\/\/coronelxavierchaves.mg.gov.br\/prefeitura\/wp-json\/wp\/v2\/posts\/15309","targetHints":{"allow":["GET"]}}],"collection":[{"href":"https:\/\/coronelxavierchaves.mg.gov.br\/prefeitura\/wp-json\/wp\/v2\/posts"}],"about":[{"href":"https:\/\/coronelxavierchaves.mg.gov.br\/prefeitura\/wp-json\/wp\/v2\/types\/post"}],"author":[{"embeddable":true,"href":"https:\/\/coronelxavierchaves.mg.gov.br\/prefeitura\/wp-json\/wp\/v2\/users\/8"}],"replies":[{"embeddable":true,"href":"https:\/\/coronelxavierchaves.mg.gov.br\/prefeitura\/wp-json\/wp\/v2\/comments?post=15309"}],"version-history":[{"count":7,"href":"https:\/\/coronelxavierchaves.mg.gov.br\/prefeitura\/wp-json\/wp\/v2\/posts\/15309\/revisions"}],"predecessor-version":[{"id":16342,"href":"https:\/\/coronelxavierchaves.mg.gov.br\/prefeitura\/wp-json\/wp\/v2\/posts\/15309\/revisions\/16342"}],"wp:featuredmedia":[{"embeddable":true,"href":"https:\/\/coronelxavierchaves.mg.gov.br\/prefeitura\/wp-json\/wp\/v2\/media\/4366"}],"wp:attachment":[{"href":"https:\/\/coronelxavierchaves.mg.gov.br\/prefeitura\/wp-json\/wp\/v2\/media?parent=15309"}],"wp:term":[{"taxonomy":"category","embeddable":true,"href":"https:\/\/coronelxavierchaves.mg.gov.br\/prefeitura\/wp-json\/wp\/v2\/categories?post=15309"},{"taxonomy":"post_tag","embeddable":true,"href":"https:\/\/coronelxavierchaves.mg.gov.br\/prefeitura\/wp-json\/wp\/v2\/tags?post=15309"}],"curies":[{"name":"wp","href":"https:\/\/api.w.org\/{rel}","templated":true}]}}