{"id":15344,"date":"2022-10-31T12:26:29","date_gmt":"2022-10-31T15:26:29","guid":{"rendered":"http:\/\/coronelxavierchaves.mg.gov.br\/prefeitura\/?p=15344"},"modified":"2022-11-29T15:57:25","modified_gmt":"2022-11-29T18:57:25","slug":"leilao-alienacao-de-residuos-solidos-urbanos-reciclaveis-pl-77-2022","status":"publish","type":"post","link":"https:\/\/coronelxavierchaves.mg.gov.br\/prefeitura\/2022\/10\/31\/leilao-alienacao-de-residuos-solidos-urbanos-reciclaveis-pl-77-2022\/","title":{"rendered":"Leil\u00e3o: Aliena\u00e7\u00e3o de res\u00edduos s\u00f3lidos urbanos recicl\u00e1veis (PL 77\/2022)"},"content":{"rendered":"<blockquote>\n<p style=\"text-align: left;\">DOWNLOADS<\/p>\n<\/blockquote>\n<ul>\n<li><a href=\"http:\/\/coronelxavierchaves.mg.gov.br\/prefeitura\/wp-content\/uploads\/2022\/10\/04-EDITAL-RECICLAVEIS-1.pdf\">EDITAL<\/a>, publicado em 30\/08\/2022 \u00e0s 15:40h.<\/li>\n<li><a href=\"http:\/\/coronelxavierchaves.mg.gov.br\/prefeitura\/wp-content\/uploads\/2022\/11\/09-TERMO-DE-COMPROMISSO-PUBLICAR.pdf\">TERMO DE COMPROMISSO\/FICHA DE ARREMATACAO<\/a>, publicado em 29\/11\/2022 \u00e0s 15:57h.<\/li>\n<\/ul>\n<p style=\"text-align: justify;\"><strong><u>AVISO DE LEIL\u00c3O<\/u><\/strong><\/p>\n<div style=\"text-align: justify;\">\n<div style=\"text-align: justify;\">\n<p>Prefeitura Municipal de Coronel Xavier Chaves\/MG. Aviso de\u00a0Leil\u00e3o<b>\u00a0&#8211; Processo Licitat\u00f3rio \u2013 77\/2022, Leil\u00e3o \u2013 05\/2022, do tipo\u00a0<u>Maior Lance Global.<\/u>\u00a0Objeto<i><u>:\u00a0<\/u><\/i><\/b><b><u>ALIENA\u00c7\u00c3O DE RES\u00cdDUOS S\u00d3LIDOS URBANOS RECICL\u00c1VEIS<\/u><\/b>.\u00a0<u>Data do Leil\u00e3o<b>: 22\/11\/2022 \u00e0s 08h00min<\/b><\/u>.\u00a0<b>Local de visita\u00e7\u00e3o<\/b>: Usina de Triagem e Compostagem do Munic\u00edpio de Coronel Xavier Chaves\/MG.\u00a0<b>Dias de visita\u00e7\u00e3o<\/b>: 01\/11\/2022 a 21\/11\/2022, das 08h00min \u00e0s 11h00min e das 13h00min \u00e0s 16h00min, dias \u00fateis. O edital est\u00e1 dispon\u00edvel no Site &#8211; \u201c<a href=\"http:\/\/www.coronelxavierchaves.mg.gov.br\/\" target=\"_blank\" rel=\"noopener\" data-saferedirecturl=\"https:\/\/www.google.com\/url?q=http:\/\/www.coronelxavierchaves.mg.gov.br&amp;source=gmail&amp;ust=1667313248185000&amp;usg=AOvVaw3Qa9avQJbMklryZ3naZ-pa\">www.coronelxavierchaves.mg.<wbr \/>gov.br<\/a>&#8220;, informa\u00e7\u00f5es na Prefeitura Municipal \u00e0 Rua Padre Reis, 84, Centro, Coronel Xavier Chaves\/MG, no hor\u00e1rio das 08h00min \u00e0s 12h00min e das 13h00min \u00e0s 16h00min. Tel.: (32) 3357-1235. Coronel Xavier Chaves, 31 de outubro de 2022. Juliana Jaques Camargos \u2013 Leiloeira.<\/p>\n<\/div>\n<\/div>\n<p>&nbsp;<\/p>\n<div class=\"printshowonly\">\n<p>*<b>PUBLICA\u00c7\u00c3O<\/b><\/p>\n<ul>\n<li>Um destaque desta publica\u00e7\u00e3o foi gerado na p\u00e1gina inicial do site, dispon\u00edvel at\u00e9 que demais publica\u00e7\u00f5es sejam realizadas.<\/li>\n<li>Uma publica\u00e7\u00e3o permanente foi feita na p\u00e1gina de Editais e Licita\u00e7\u00f5es.<\/li>\n<li>Link para acesso:\u00a0http:\/\/coronelxavierchaves.mg.gov.br\/prefeitura\/wp-json\/wp\/v2\/posts\/15344<\/li>\n<\/ul>\n<\/div>\n","protected":false},"excerpt":{"rendered":"<p>DOWNLOADS EDITAL, publicado em 30\/08\/2022 \u00e0s 15:40h. TERMO DE COMPROMISSO\/FICHA DE ARREMATACAO, publicado em 29\/11\/2022 \u00e0s 15:57h. AVISO DE LEIL\u00c3O Prefeitura Municipal de Coronel Xavier Chaves\/MG. Aviso de\u00a0Leil\u00e3o\u00a0&#8211; Processo Licitat\u00f3rio \u2013 77\/2022, Leil\u00e3o \u2013 05\/2022, do tipo\u00a0Maior Lance Global.\u00a0Objeto:\u00a0ALIENA\u00c7\u00c3O DE RES\u00cdDUOS S\u00d3LIDOS URBANOS RECICL\u00c1VEIS.\u00a0Data do Leil\u00e3o: 22\/11\/2022 \u00e0s 08h00min.\u00a0Local de visita\u00e7\u00e3o: Usina de Triagem e [&hellip;]<\/p>\n","protected":false},"author":3,"featured_media":4366,"comment_status":"open","ping_status":"open","sticky":false,"template":"","format":"standard","meta":{"footnotes":"","_links_to":"","_links_to_target":""},"categories":[102],"tags":[],"class_list":{"0":"post-15344","1":"post","2":"type-post","3":"status-publish","4":"format-standard","5":"has-post-thumbnail","7":"category-editais-de-licitacao-2022"},"_links":{"self":[{"href":"https:\/\/coronelxavierchaves.mg.gov.br\/prefeitura\/wp-json\/wp\/v2\/posts\/15344","targetHints":{"allow":["GET"]}}],"collection":[{"href":"https:\/\/coronelxavierchaves.mg.gov.br\/prefeitura\/wp-json\/wp\/v2\/posts"}],"about":[{"href":"https:\/\/coronelxavierchaves.mg.gov.br\/prefeitura\/wp-json\/wp\/v2\/types\/post"}],"author":[{"embeddable":true,"href":"https:\/\/coronelxavierchaves.mg.gov.br\/prefeitura\/wp-json\/wp\/v2\/users\/3"}],"replies":[{"embeddable":true,"href":"https:\/\/coronelxavierchaves.mg.gov.br\/prefeitura\/wp-json\/wp\/v2\/comments?post=15344"}],"version-history":[{"count":3,"href":"https:\/\/coronelxavierchaves.mg.gov.br\/prefeitura\/wp-json\/wp\/v2\/posts\/15344\/revisions"}],"predecessor-version":[{"id":15525,"href":"https:\/\/coronelxavierchaves.mg.gov.br\/prefeitura\/wp-json\/wp\/v2\/posts\/15344\/revisions\/15525"}],"wp:featuredmedia":[{"embeddable":true,"href":"https:\/\/coronelxavierchaves.mg.gov.br\/prefeitura\/wp-json\/wp\/v2\/media\/4366"}],"wp:attachment":[{"href":"https:\/\/coronelxavierchaves.mg.gov.br\/prefeitura\/wp-json\/wp\/v2\/media?parent=15344"}],"wp:term":[{"taxonomy":"category","embeddable":true,"href":"https:\/\/coronelxavierchaves.mg.gov.br\/prefeitura\/wp-json\/wp\/v2\/categories?post=15344"},{"taxonomy":"post_tag","embeddable":true,"href":"https:\/\/coronelxavierchaves.mg.gov.br\/prefeitura\/wp-json\/wp\/v2\/tags?post=15344"}],"curies":[{"name":"wp","href":"https:\/\/api.w.org\/{rel}","templated":true}]}}