{"id":15497,"date":"2022-11-25T14:54:19","date_gmt":"2022-11-25T17:54:19","guid":{"rendered":"http:\/\/coronelxavierchaves.mg.gov.br\/prefeitura\/?p=15497"},"modified":"2024-12-18T13:35:26","modified_gmt":"2024-12-18T16:35:26","slug":"processo-seletivo-para-contratacao-temporaria-edital-005-2022-medico-veterinario-e-procurador","status":"publish","type":"post","link":"https:\/\/coronelxavierchaves.mg.gov.br\/prefeitura\/2022\/11\/25\/processo-seletivo-para-contratacao-temporaria-edital-005-2022-medico-veterinario-e-procurador\/","title":{"rendered":"Processo Seletivo para contrata\u00e7\u00e3o tempor\u00e1ria &#8211; Edital 005\/2022 &#8211; M\u00e9dico Veterin\u00e1rio e Procurador"},"content":{"rendered":"<ul>\n<li><a href=\"http:\/\/coronelxavierchaves.mg.gov.br\/prefeitura\/wp-content\/uploads\/2022\/11\/Edital-Processo-Seletivo-no-005-2022-Veterinario-e-Procurador-Municipal.pdf\">EDITAL<\/a>, publicado em 25\/11\/2022 \u00e0s 14:54h.<\/li>\n<li><a href=\"http:\/\/coronelxavierchaves.mg.gov.br\/prefeitura\/wp-content\/uploads\/2022\/12\/Retificacao-no-001-Edital-Processo-Seletivo-no-005-2022.pdf\">RETIFICA\u00c7\u00c3O 01<\/a>, publicado em 21\/12\/2022 \u00e0s 15:40h.<\/li>\n<li><a href=\"http:\/\/coronelxavierchaves.mg.gov.br\/prefeitura\/wp-content\/uploads\/2023\/01\/Resultado-preliminar-0052022.pdf\">RESULTADO PRELIMINAR<\/a>, publicado em 20\/01\/2023 \u00e0s 10:30h.<\/li>\n<li><a href=\"http:\/\/coronelxavierchaves.mg.gov.br\/prefeitura\/wp-content\/uploads\/2023\/01\/Resultado-FINAL-0052022.pdf\">RESULTADO FINAL<\/a>, publicado em 27\/01\/2023 \u00e0s 13:48h.<\/li>\n<li><a href=\"http:\/\/coronelxavierchaves.mg.gov.br\/prefeitura\/wp-content\/uploads\/2023\/01\/EDITAL-DE-CONVOCACAO-PROCURADOR-MUNICIPAL.pdf\">EDITAL DE CONVOCA\u00c7\u00c3O: PROCURADOR MUNICIPAL<\/a>, publicado em 31\/01\/2023 \u00e0s<\/li>\n<li>15:15h.<\/li>\n<li><a href=\"https:\/\/coronelxavierchaves.mg.gov.br\/prefeitura\/wp-content\/uploads\/2024\/12\/EDITAL-DE-CONVOCACAO-PROCESSO-SELETIVO-005-2022-Procurador.pdf\">EDITAL DE CONVOCA\u00c7\u00c3O: PROCURADOR MUNICIPAL<\/a>, publicado em 18\/12\/2024 \u00e0s 13:35h.<\/li>\n<\/ul>\n","protected":false},"excerpt":{"rendered":"<p>EDITAL, publicado em 25\/11\/2022 \u00e0s 14:54h. RETIFICA\u00c7\u00c3O 01, publicado em 21\/12\/2022 \u00e0s 15:40h. RESULTADO PRELIMINAR, publicado em 20\/01\/2023 \u00e0s 10:30h. RESULTADO FINAL, publicado em 27\/01\/2023 \u00e0s 13:48h. EDITAL DE CONVOCA\u00c7\u00c3O: PROCURADOR MUNICIPAL, publicado em 31\/01\/2023 \u00e0s 15:15h. EDITAL DE CONVOCA\u00c7\u00c3O: PROCURADOR MUNICIPAL, publicado em 18\/12\/2024 \u00e0s 13:35h.<\/p>\n","protected":false},"author":3,"featured_media":4366,"comment_status":"open","ping_status":"open","sticky":false,"template":"","format":"standard","meta":{"footnotes":"","_links_to":"","_links_to_target":""},"categories":[100],"tags":[],"class_list":{"0":"post-15497","1":"post","2":"type-post","3":"status-publish","4":"format-standard","5":"has-post-thumbnail","7":"category-concursos-e-processos-seletivos-2022"},"_links":{"self":[{"href":"https:\/\/coronelxavierchaves.mg.gov.br\/prefeitura\/wp-json\/wp\/v2\/posts\/15497","targetHints":{"allow":["GET"]}}],"collection":[{"href":"https:\/\/coronelxavierchaves.mg.gov.br\/prefeitura\/wp-json\/wp\/v2\/posts"}],"about":[{"href":"https:\/\/coronelxavierchaves.mg.gov.br\/prefeitura\/wp-json\/wp\/v2\/types\/post"}],"author":[{"embeddable":true,"href":"https:\/\/coronelxavierchaves.mg.gov.br\/prefeitura\/wp-json\/wp\/v2\/users\/3"}],"replies":[{"embeddable":true,"href":"https:\/\/coronelxavierchaves.mg.gov.br\/prefeitura\/wp-json\/wp\/v2\/comments?post=15497"}],"version-history":[{"count":7,"href":"https:\/\/coronelxavierchaves.mg.gov.br\/prefeitura\/wp-json\/wp\/v2\/posts\/15497\/revisions"}],"predecessor-version":[{"id":22088,"href":"https:\/\/coronelxavierchaves.mg.gov.br\/prefeitura\/wp-json\/wp\/v2\/posts\/15497\/revisions\/22088"}],"wp:featuredmedia":[{"embeddable":true,"href":"https:\/\/coronelxavierchaves.mg.gov.br\/prefeitura\/wp-json\/wp\/v2\/media\/4366"}],"wp:attachment":[{"href":"https:\/\/coronelxavierchaves.mg.gov.br\/prefeitura\/wp-json\/wp\/v2\/media?parent=15497"}],"wp:term":[{"taxonomy":"category","embeddable":true,"href":"https:\/\/coronelxavierchaves.mg.gov.br\/prefeitura\/wp-json\/wp\/v2\/categories?post=15497"},{"taxonomy":"post_tag","embeddable":true,"href":"https:\/\/coronelxavierchaves.mg.gov.br\/prefeitura\/wp-json\/wp\/v2\/tags?post=15497"}],"curies":[{"name":"wp","href":"https:\/\/api.w.org\/{rel}","templated":true}]}}