{"id":15590,"date":"2022-12-01T14:57:13","date_gmt":"2022-12-01T17:57:13","guid":{"rendered":"http:\/\/coronelxavierchaves.mg.gov.br\/prefeitura\/?p=15590"},"modified":"2022-12-16T10:35:21","modified_gmt":"2022-12-16T13:35:21","slug":"contratacao-de-servicos-especializados-para-a-promocao-de-festas-e-eventos-no-municipio-de-coronel-xavier-chaves-pl-84-2022","status":"publish","type":"post","link":"https:\/\/coronelxavierchaves.mg.gov.br\/prefeitura\/2022\/12\/01\/contratacao-de-servicos-especializados-para-a-promocao-de-festas-e-eventos-no-municipio-de-coronel-xavier-chaves-pl-84-2022\/","title":{"rendered":"Contrata\u00e7\u00e3o de servi\u00e7os especializados para a promo\u00e7\u00e3o de festas e eventos no munic\u00edpio de Coronel Xavier Chaves&#8230; (PL 84\/2022)"},"content":{"rendered":"<blockquote>\n<p style=\"text-align: left;\">DOWNLOADS<\/p>\n<\/blockquote>\n<ul>\n<li style=\"list-style-type: none;\">\n<ul>\n<li><a href=\"http:\/\/coronelxavierchaves.mg.gov.br\/prefeitura\/wp-content\/uploads\/2022\/12\/06-EDITAL-EVENTOS-2022.pdf\">EDITAL<\/a>, publicado em 01\/12\/2022 \u00e0s 14:57h.<\/li>\n<li><a href=\"http:\/\/coronelxavierchaves.mg.gov.br\/prefeitura\/wp-content\/uploads\/2022\/12\/12-ATA-REGISTRO-DE-PRECO-HYAGO.pdf\">ATA DE REGISTRO DE PRE\u00c7OS<\/a>, publicado em 16\/12\/2022 \u00e0s 10:35h.<\/li>\n<\/ul>\n<\/li>\n<\/ul>\n<p style=\"text-align: justify;\"><strong><u>AVISO DE LICITA\u00c7\u00c3O<\/u><\/strong><\/p>\n<div style=\"text-align: justify;\">\n<div style=\"text-align: justify;\">\n<p>Prefeitura Municipal de Coronel Xavier Chaves\/MG. Aviso de\u00a0Licita\u00e7\u00e3o<b>\u00a0&#8211; Processo Licitat\u00f3rio \u2013 84\/2022, Preg\u00e3o Presencial para Registro de Pre\u00e7os \u2013 58\/2022, do tipo\u00a0<u>Menor Pre\u00e7o por Item.<\/u>\u00a0Objeto:\u00a0<\/b><a name=\"m_8723563850193282578__Hlk110437009\"><\/a><b><u>CONTRATA\u00c7\u00c3O DE SERVI\u00c7OS ESPECIALIZADOS PARA A PROMO\u00c7\u00c3O DE FESTAS E EVENTOS NO MUNIC\u00cdPIO DE CORONEL XAVIER CHAVES, LOCA\u00c7\u00c3O DE ESTRUTURAS DE PALCO, SOM, ILUMINA\u00c7\u00c3O, SERVI\u00c7OS DE SHOWS, SERVI\u00c7OS DE APOIO LOGISTICO E DE SUPORTE, PUBLICIDADE, LOCA\u00c7\u00c3O DE BRINQUEDOS PARA CRIAN\u00c7AS, ENTRE OUTROS EQUIPAMENTOS E SERVI\u00c7OS, ESPECIFICADOS NO TERMO DE REFER\u00caNCIA<\/u><\/b><b>.\u00a0<\/b><u>Credenciamento:<\/u>\u00a0<b>16\/12\/2022 das 08h00min \u00e0s 08h15min.\u00a0<\/b><u>Abertura:<\/u><b>\u00a016\/12\/2022, ap\u00f3s o credenciamento.<\/b>\u00a0O edital est\u00e1 dispon\u00edvel no Site-\u201c<a href=\"http:\/\/www.coronelxavierchaves.mg.gov.br\/\" target=\"_blank\" rel=\"noopener\" data-saferedirecturl=\"https:\/\/www.google.com\/url?q=http:\/\/www.coronelxavierchaves.mg.gov.br&amp;source=gmail&amp;ust=1670003333576000&amp;usg=AOvVaw3kSo67dvZtXBZ2cGnmqwju\">www.coronelxavierchaves.<wbr \/>mg.gov.br<\/a>&#8220;, informa\u00e7\u00f5es\u00a0na prefeitura municipal \u00e0 Rua Padre Reis, 84, Centro, Coronel Xavier Chaves\/MG, no hor\u00e1rio de 08h00min as 12h00min e de 13h00min as 16h00min. Tel.:\u00a0<a href=\"tel:%2832%29%203357-1235\" target=\"_blank\" rel=\"noopener\">(32) 3357-1235<\/a>. Coronel Xavier Chaves, 01 de dezembro de 2022. Beatriz Rayze de Resende &#8211; Pregoeira.<\/p>\n<\/div>\n<\/div>\n<p>&nbsp;<\/p>\n<div class=\"printshowonly\">\n<p>*<b>PUBLICA\u00c7\u00c3O<\/b><\/p>\n<ul>\n<li>Um destaque desta publica\u00e7\u00e3o foi gerado na p\u00e1gina inicial do site, dispon\u00edvel at\u00e9 que demais publica\u00e7\u00f5es sejam realizadas.<\/li>\n<li>Uma publica\u00e7\u00e3o permanente foi feita na p\u00e1gina de Editais e Licita\u00e7\u00f5es.<\/li>\n<li>Link para acesso:\u00a0http:\/\/coronelxavierchaves.mg.gov.br\/prefeitura\/wp-json\/wp\/v2\/posts\/15590<\/li>\n<\/ul>\n<\/div>\n","protected":false},"excerpt":{"rendered":"<p>DOWNLOADS EDITAL, publicado em 01\/12\/2022 \u00e0s 14:57h. ATA DE REGISTRO DE PRE\u00c7OS, publicado em 16\/12\/2022 \u00e0s 10:35h. AVISO DE LICITA\u00c7\u00c3O Prefeitura Municipal de Coronel Xavier Chaves\/MG. Aviso de\u00a0Licita\u00e7\u00e3o\u00a0&#8211; Processo Licitat\u00f3rio \u2013 84\/2022, Preg\u00e3o Presencial para Registro de Pre\u00e7os \u2013 58\/2022, do tipo\u00a0Menor Pre\u00e7o por Item.\u00a0Objeto:\u00a0CONTRATA\u00c7\u00c3O DE SERVI\u00c7OS ESPECIALIZADOS PARA A PROMO\u00c7\u00c3O DE FESTAS E EVENTOS [&hellip;]<\/p>\n","protected":false},"author":3,"featured_media":4366,"comment_status":"open","ping_status":"open","sticky":false,"template":"","format":"standard","meta":{"footnotes":"","_links_to":"","_links_to_target":""},"categories":[102],"tags":[],"class_list":{"0":"post-15590","1":"post","2":"type-post","3":"status-publish","4":"format-standard","5":"has-post-thumbnail","7":"category-editais-de-licitacao-2022"},"_links":{"self":[{"href":"https:\/\/coronelxavierchaves.mg.gov.br\/prefeitura\/wp-json\/wp\/v2\/posts\/15590","targetHints":{"allow":["GET"]}}],"collection":[{"href":"https:\/\/coronelxavierchaves.mg.gov.br\/prefeitura\/wp-json\/wp\/v2\/posts"}],"about":[{"href":"https:\/\/coronelxavierchaves.mg.gov.br\/prefeitura\/wp-json\/wp\/v2\/types\/post"}],"author":[{"embeddable":true,"href":"https:\/\/coronelxavierchaves.mg.gov.br\/prefeitura\/wp-json\/wp\/v2\/users\/3"}],"replies":[{"embeddable":true,"href":"https:\/\/coronelxavierchaves.mg.gov.br\/prefeitura\/wp-json\/wp\/v2\/comments?post=15590"}],"version-history":[{"count":3,"href":"https:\/\/coronelxavierchaves.mg.gov.br\/prefeitura\/wp-json\/wp\/v2\/posts\/15590\/revisions"}],"predecessor-version":[{"id":15737,"href":"https:\/\/coronelxavierchaves.mg.gov.br\/prefeitura\/wp-json\/wp\/v2\/posts\/15590\/revisions\/15737"}],"wp:featuredmedia":[{"embeddable":true,"href":"https:\/\/coronelxavierchaves.mg.gov.br\/prefeitura\/wp-json\/wp\/v2\/media\/4366"}],"wp:attachment":[{"href":"https:\/\/coronelxavierchaves.mg.gov.br\/prefeitura\/wp-json\/wp\/v2\/media?parent=15590"}],"wp:term":[{"taxonomy":"category","embeddable":true,"href":"https:\/\/coronelxavierchaves.mg.gov.br\/prefeitura\/wp-json\/wp\/v2\/categories?post=15590"},{"taxonomy":"post_tag","embeddable":true,"href":"https:\/\/coronelxavierchaves.mg.gov.br\/prefeitura\/wp-json\/wp\/v2\/tags?post=15590"}],"curies":[{"name":"wp","href":"https:\/\/api.w.org\/{rel}","templated":true}]}}