{"id":15671,"date":"2022-12-05T10:01:12","date_gmt":"2022-12-05T13:01:12","guid":{"rendered":"http:\/\/coronelxavierchaves.mg.gov.br\/prefeitura\/?p=15671"},"modified":"2023-02-03T10:33:19","modified_gmt":"2023-02-03T13:33:19","slug":"aquisicao-parcelada-de-materiais-de-limpeza-utensilios-e-outros-pl-87-2022","status":"publish","type":"post","link":"https:\/\/coronelxavierchaves.mg.gov.br\/prefeitura\/2022\/12\/05\/aquisicao-parcelada-de-materiais-de-limpeza-utensilios-e-outros-pl-87-2022\/","title":{"rendered":"Aquisi\u00e7\u00e3o parcelada de materiais de limpeza, utens\u00edlios e outros (PL 87\/2022)"},"content":{"rendered":"<blockquote>\n<p style=\"text-align: left;\">DOWNLOADS<\/p>\n<\/blockquote>\n<ul>\n<li style=\"list-style-type: none;\">\n<ul>\n<li><a href=\"http:\/\/coronelxavierchaves.mg.gov.br\/prefeitura\/wp-content\/uploads\/2022\/12\/9-EDITAL-AQUISICAO-DE-MATERIAL-DE-LIMPEZA-2022-1.pdf\">EDITAL<\/a>, publicado em 05\/12\/2022 \u00e0s 10:01h.\n<ul>\n<li><a href=\"http:\/\/www.coronelxavierchaves.mg.gov.br\/site\/proposta.exe\" target=\"_blank\" rel=\"noopener noreferrer\">BAIXAR SOFTWARE PARA PROPOSTA<\/a><\/li>\n<li><a href=\"http:\/\/coronelxavierchaves.mg.gov.br\/prefeitura\/others\/processo00008722.xml\">ARQUIVO XML<\/a><\/li>\n<\/ul>\n<\/li>\n<li><a href=\"http:\/\/coronelxavierchaves.mg.gov.br\/prefeitura\/wp-content\/uploads\/2023\/01\/ATA-DE-REGISTRO-DE-PRECOS-BRUNO.pdf\">ATA DE REGISTRO DE PRE\u00c7OS: BRUNO<\/a>, publicado em 06\/01\/2023 \u00e0s 09:55h.<\/li>\n<li><a href=\"http:\/\/coronelxavierchaves.mg.gov.br\/prefeitura\/wp-content\/uploads\/2023\/01\/ATA-DE-REGISTRO-DE-PRECOS-COELHO.pdf\">ATA DE REGISTRO DE PRE\u00c7OS: COELHO<\/a>, publicado em 06\/01\/2023 \u00e0s 09:55h.<\/li>\n<li><a href=\"http:\/\/coronelxavierchaves.mg.gov.br\/prefeitura\/wp-content\/uploads\/2023\/01\/ATA-DE-REGISTRO-DE-PRECOS-FAST-CLEAN.pdf\">ATA DE REGISTRO DE PRE\u00c7OS: FAST CLEAN<\/a>, publicado em 06\/01\/2023 \u00e0s 09:55h.<\/li>\n<li><a href=\"http:\/\/coronelxavierchaves.mg.gov.br\/prefeitura\/wp-content\/uploads\/2023\/01\/ATA-DE-REGISTRO-DE-PRECOS-JOAQUIM-CLEBER.pdf\">ATA DE REGISTRO DE PRE\u00c7OS: JOAQUIM CLEBER<\/a>, publicado em 06\/01\/2023 \u00e0s 09:55h.<\/li>\n<li><a href=\"http:\/\/coronelxavierchaves.mg.gov.br\/prefeitura\/wp-content\/uploads\/2023\/01\/ATA-DE-REGISTRO-DE-PRECOS-VENER.pdf\">ATA DE REGISTRO DE PRE\u00c7OS: VENER<\/a>, publicado em 06\/01\/2023 \u00e0s 09:55h.<\/li>\n<li><a href=\"http:\/\/coronelxavierchaves.mg.gov.br\/prefeitura\/wp-content\/uploads\/2023\/01\/ATA-DE-REGISTRO-DE-PRECOS-WTRADE.pdf\">ATA DE REGISTRO DE PRE\u00c7OS: WTRADE<\/a>, publicado em 06\/01\/2023 \u00e0s 09:55h.<\/li>\n<li><a href=\"http:\/\/coronelxavierchaves.mg.gov.br\/prefeitura\/wp-content\/uploads\/2023\/02\/REALINHAMENTO-DE-PRECOS-FAST-CLEAN-1o-REAJUSTE-PUBLICAR.pdf\">1\u00ba TERMO REALINHAMENTO PRE\u00c7OS: FAST CLEAN<\/a>, publicado em 03\/02\/2023 \u00e0s 10:33h.<\/li>\n<\/ul>\n<\/li>\n<\/ul>\n<p style=\"text-align: justify;\"><strong><u>AVISO DE LICITA\u00c7\u00c3O<\/u><\/strong><\/p>\n<div style=\"text-align: justify;\">\n<div style=\"text-align: justify;\">\n<p>refeitura Municipal de Coronel Xavier Chaves\/MG. Aviso de\u00a0Licita\u00e7\u00e3o\u00a0&#8211; Processo Licitat\u00f3rio \u2013 87\/2022, Preg\u00e3o Presencial \u2013 61\/2022 (REGISTRO DE PRE\u00c7OS),\u00a0do tipo\u00a0MENOR PRE\u00c7O POR ITEM.\u00a0Objeto:\u00a0<b><u>AQUISI\u00c7\u00c3O PARCELADA DE MATERIAIS DE LIMPEZA, UTENSILIOS E OUTROS, PARA ATENDER AOS DIVERSOS SETORES DA PREFEITURA MUNICIPAL DE CORONEL XAVIER CHAVES<\/u><\/b>.\u00a0<u>Credenciamento<\/u>:\u00a0<b>21\/12\/2022 das 08h00min \u00e0s 08h15min.\u00a0<\/b><u>Abertura:<\/u><b>\u00a021\/12\/2022, ap\u00f3s o credenciamento.<\/b>\u00a0O edital est\u00e1 dispon\u00edvel no Site-\u201c<a href=\"http:\/\/www.coronelxavierchaves.mg.gov.br\/\" target=\"_blank\" rel=\"noopener\" data-saferedirecturl=\"https:\/\/www.google.com\/url?q=http:\/\/www.coronelxavierchaves.mg.gov.br&amp;source=gmail&amp;ust=1670331117083000&amp;usg=AOvVaw0L5uMSJXqpIWH2BgGHjX_z\">www.coronelxavierchaves.<wbr \/>mg.gov.br<\/a>&#8220;, informa\u00e7\u00f5es\u00a0na prefeitura municipal \u00e0 Rua Padre Reis, 84, Centro, Coronel Xavier Chaves\/MG, no hor\u00e1rio de 08h00min as 12h00min e de 13h00min as 16h00min. Tel.:\u00a0<a href=\"tel:%2832%29%203357-1235\" target=\"_blank\" rel=\"noopener\">(32) 3357-1235<\/a>. Coronel Xavier Chaves, 05 de dezembro de 2022. Beatriz Rayze de Resende &#8211; Pregoeira.<\/p>\n<\/div>\n<\/div>\n<p>&nbsp;<\/p>\n<div class=\"printshowonly\">\n<p>*<b>PUBLICA\u00c7\u00c3O<\/b><\/p>\n<ul>\n<li>Um destaque desta publica\u00e7\u00e3o foi gerado na p\u00e1gina inicial do site, dispon\u00edvel at\u00e9 que demais publica\u00e7\u00f5es sejam realizadas.<\/li>\n<li>Uma publica\u00e7\u00e3o permanente foi feita na p\u00e1gina de Editais e Licita\u00e7\u00f5es.<\/li>\n<li>Link para acesso:\u00a0http:\/\/coronelxavierchaves.mg.gov.br\/prefeitura\/wp-json\/wp\/v2\/posts\/15671<\/li>\n<\/ul>\n<\/div>\n","protected":false},"excerpt":{"rendered":"<p>DOWNLOADS EDITAL, publicado em 05\/12\/2022 \u00e0s 10:01h. BAIXAR SOFTWARE PARA PROPOSTA ARQUIVO XML ATA DE REGISTRO DE PRE\u00c7OS: BRUNO, publicado em 06\/01\/2023 \u00e0s 09:55h. ATA DE REGISTRO DE PRE\u00c7OS: COELHO, publicado em 06\/01\/2023 \u00e0s 09:55h. ATA DE REGISTRO DE PRE\u00c7OS: FAST CLEAN, publicado em 06\/01\/2023 \u00e0s 09:55h. ATA DE REGISTRO DE PRE\u00c7OS: JOAQUIM CLEBER, publicado [&hellip;]<\/p>\n","protected":false},"author":3,"featured_media":4366,"comment_status":"open","ping_status":"open","sticky":false,"template":"","format":"standard","meta":{"footnotes":"","_links_to":"","_links_to_target":""},"categories":[102],"tags":[],"class_list":{"0":"post-15671","1":"post","2":"type-post","3":"status-publish","4":"format-standard","5":"has-post-thumbnail","7":"category-editais-de-licitacao-2022"},"_links":{"self":[{"href":"https:\/\/coronelxavierchaves.mg.gov.br\/prefeitura\/wp-json\/wp\/v2\/posts\/15671","targetHints":{"allow":["GET"]}}],"collection":[{"href":"https:\/\/coronelxavierchaves.mg.gov.br\/prefeitura\/wp-json\/wp\/v2\/posts"}],"about":[{"href":"https:\/\/coronelxavierchaves.mg.gov.br\/prefeitura\/wp-json\/wp\/v2\/types\/post"}],"author":[{"embeddable":true,"href":"https:\/\/coronelxavierchaves.mg.gov.br\/prefeitura\/wp-json\/wp\/v2\/users\/3"}],"replies":[{"embeddable":true,"href":"https:\/\/coronelxavierchaves.mg.gov.br\/prefeitura\/wp-json\/wp\/v2\/comments?post=15671"}],"version-history":[{"count":4,"href":"https:\/\/coronelxavierchaves.mg.gov.br\/prefeitura\/wp-json\/wp\/v2\/posts\/15671\/revisions"}],"predecessor-version":[{"id":16261,"href":"https:\/\/coronelxavierchaves.mg.gov.br\/prefeitura\/wp-json\/wp\/v2\/posts\/15671\/revisions\/16261"}],"wp:featuredmedia":[{"embeddable":true,"href":"https:\/\/coronelxavierchaves.mg.gov.br\/prefeitura\/wp-json\/wp\/v2\/media\/4366"}],"wp:attachment":[{"href":"https:\/\/coronelxavierchaves.mg.gov.br\/prefeitura\/wp-json\/wp\/v2\/media?parent=15671"}],"wp:term":[{"taxonomy":"category","embeddable":true,"href":"https:\/\/coronelxavierchaves.mg.gov.br\/prefeitura\/wp-json\/wp\/v2\/categories?post=15671"},{"taxonomy":"post_tag","embeddable":true,"href":"https:\/\/coronelxavierchaves.mg.gov.br\/prefeitura\/wp-json\/wp\/v2\/tags?post=15671"}],"curies":[{"name":"wp","href":"https:\/\/api.w.org\/{rel}","templated":true}]}}