{"id":15674,"date":"2022-12-05T11:45:47","date_gmt":"2022-12-05T14:45:47","guid":{"rendered":"http:\/\/coronelxavierchaves.mg.gov.br\/prefeitura\/?p=15674"},"modified":"2022-12-14T10:30:10","modified_gmt":"2022-12-14T13:30:10","slug":"aviso-de-dispensa-pl-88-2022-aquisicao-de-plantas-ornamentais","status":"publish","type":"post","link":"https:\/\/coronelxavierchaves.mg.gov.br\/prefeitura\/2022\/12\/05\/aviso-de-dispensa-pl-88-2022-aquisicao-de-plantas-ornamentais\/","title":{"rendered":"Aviso de Dispensa (PL 88\/2022) Aquisi\u00e7\u00e3o de plantas ornamentais&#8230;"},"content":{"rendered":"<blockquote><p>DOWNLOADS<\/p><\/blockquote>\n<ul>\n<li><a href=\"http:\/\/coronelxavierchaves.mg.gov.br\/prefeitura\/wp-content\/uploads\/2022\/12\/08-AVISO-DE-DISPENSA.pdf\">AVISO DE DISPENSA<\/a>, publicado em 05\/12\/2022 \u00e0s 11:45h.<\/li>\n<li><a href=\"http:\/\/coronelxavierchaves.mg.gov.br\/prefeitura\/wp-content\/uploads\/2022\/12\/12-CONTRATO-PUBLICAR.pdf\">CONTRATO<\/a>, publicado em 14\/12\/2022 \u00e0s 10:30h.<\/li>\n<\/ul>\n<p>&nbsp;<\/p>\n<blockquote><p>OBJETO<\/p><\/blockquote>\n<div style=\"text-align: justify;\">\n<div>\n<p style=\"font-weight: 400;\"><b>AQUISI\u00c7\u00c3O DE PLANTAS ORNAMENTAIS A SEREM UTILIZADAS NA DECORA\u00c7\u00c3O DE NATAL DO MUNIC\u00cdPIO NESTE ANO DE 2022, VISANDO ATENDER AS NECESSIDADES DA SECRETARIA MUNICIPAL DE CULTURA E TURISMO.<\/b><\/p>\n<\/div>\n<div><span style=\"font-family: Times New Roman, serif;\"><b>\u00a0<\/b><\/span><\/div>\n<\/div>\n<p>&nbsp;<\/p>\n<div class=\"printshowonly\">\n<p>*<b>PUBLICA\u00c7\u00c3O<\/b><\/p>\n<ul>\n<li>Um destaque desta publica\u00e7\u00e3o foi gerado na p\u00e1gina inicial do site, dispon\u00edvel at\u00e9 que demais publica\u00e7\u00f5es sejam realizadas.<\/li>\n<li>Uma publica\u00e7\u00e3o permanente foi feita na p\u00e1gina de Editais e Licita\u00e7\u00f5es.<\/li>\n<li>Link para acesso:\u00a0http:\/\/coronelxavierchaves.mg.gov.br\/prefeitura\/wp-json\/wp\/v2\/posts\/15674<\/li>\n<\/ul>\n<\/div>\n","protected":false},"excerpt":{"rendered":"<p>DOWNLOADS AVISO DE DISPENSA, publicado em 05\/12\/2022 \u00e0s 11:45h. CONTRATO, publicado em 14\/12\/2022 \u00e0s 10:30h. &nbsp; OBJETO AQUISI\u00c7\u00c3O DE PLANTAS ORNAMENTAIS A SEREM UTILIZADAS NA DECORA\u00c7\u00c3O DE NATAL DO MUNIC\u00cdPIO NESTE ANO DE 2022, VISANDO ATENDER AS NECESSIDADES DA SECRETARIA MUNICIPAL DE CULTURA E TURISMO. \u00a0 &nbsp; *PUBLICA\u00c7\u00c3O Um destaque desta publica\u00e7\u00e3o foi gerado na [&hellip;]<\/p>\n","protected":false},"author":3,"featured_media":4367,"comment_status":"open","ping_status":"open","sticky":false,"template":"","format":"standard","meta":{"footnotes":"","_links_to":"","_links_to_target":""},"categories":[102],"tags":[],"class_list":{"0":"post-15674","1":"post","2":"type-post","3":"status-publish","4":"format-standard","5":"has-post-thumbnail","7":"category-editais-de-licitacao-2022"},"_links":{"self":[{"href":"https:\/\/coronelxavierchaves.mg.gov.br\/prefeitura\/wp-json\/wp\/v2\/posts\/15674","targetHints":{"allow":["GET"]}}],"collection":[{"href":"https:\/\/coronelxavierchaves.mg.gov.br\/prefeitura\/wp-json\/wp\/v2\/posts"}],"about":[{"href":"https:\/\/coronelxavierchaves.mg.gov.br\/prefeitura\/wp-json\/wp\/v2\/types\/post"}],"author":[{"embeddable":true,"href":"https:\/\/coronelxavierchaves.mg.gov.br\/prefeitura\/wp-json\/wp\/v2\/users\/3"}],"replies":[{"embeddable":true,"href":"https:\/\/coronelxavierchaves.mg.gov.br\/prefeitura\/wp-json\/wp\/v2\/comments?post=15674"}],"version-history":[{"count":3,"href":"https:\/\/coronelxavierchaves.mg.gov.br\/prefeitura\/wp-json\/wp\/v2\/posts\/15674\/revisions"}],"predecessor-version":[{"id":15725,"href":"https:\/\/coronelxavierchaves.mg.gov.br\/prefeitura\/wp-json\/wp\/v2\/posts\/15674\/revisions\/15725"}],"wp:featuredmedia":[{"embeddable":true,"href":"https:\/\/coronelxavierchaves.mg.gov.br\/prefeitura\/wp-json\/wp\/v2\/media\/4367"}],"wp:attachment":[{"href":"https:\/\/coronelxavierchaves.mg.gov.br\/prefeitura\/wp-json\/wp\/v2\/media?parent=15674"}],"wp:term":[{"taxonomy":"category","embeddable":true,"href":"https:\/\/coronelxavierchaves.mg.gov.br\/prefeitura\/wp-json\/wp\/v2\/categories?post=15674"},{"taxonomy":"post_tag","embeddable":true,"href":"https:\/\/coronelxavierchaves.mg.gov.br\/prefeitura\/wp-json\/wp\/v2\/tags?post=15674"}],"curies":[{"name":"wp","href":"https:\/\/api.w.org\/{rel}","templated":true}]}}