{"id":15715,"date":"2022-12-14T10:07:02","date_gmt":"2022-12-14T13:07:02","guid":{"rendered":"http:\/\/coronelxavierchaves.mg.gov.br\/prefeitura\/?p=15715"},"modified":"2023-06-30T13:05:15","modified_gmt":"2023-06-30T16:05:15","slug":"contratacao-de-empresa-especializada-para-a-construcao-de-poco-tubular-profundo-para-captacao-de-agua-subterranea-quebra-machado-pl-92-2022","status":"publish","type":"post","link":"https:\/\/coronelxavierchaves.mg.gov.br\/prefeitura\/2022\/12\/14\/contratacao-de-empresa-especializada-para-a-construcao-de-poco-tubular-profundo-para-captacao-de-agua-subterranea-quebra-machado-pl-92-2022\/","title":{"rendered":"Contrata\u00e7\u00e3o de empresa especializada para a constru\u00e7\u00e3o de po\u00e7o tubular profundo, para capta\u00e7\u00e3o de \u00e1gua subterr\u00e2nea&#8230; &#8211; Quebra Machado (PL 92\/2022)"},"content":{"rendered":"<blockquote>\n<p style=\"text-align: left;\">DOWNLOADS<\/p>\n<\/blockquote>\n<ul>\n<li style=\"list-style-type: none;\">\n<ul>\n<li><a href=\"http:\/\/coronelxavierchaves.mg.gov.br\/prefeitura\/wp-content\/uploads\/2022\/12\/04-EDITAL-POCO-ARTESIANO-QUEBRA-MACHADO.docx.pdf\">EDITAL<\/a>, publicado em 14\/12\/2022 \u00e0s 10:07h.<\/li>\n<li><a href=\"http:\/\/coronelxavierchaves.mg.gov.br\/prefeitura\/wp-content\/uploads\/2023\/01\/09-PUBLICACAO-DE-RESULTADO-PERFURACAO-POCO-QUEBRA-MACHADO.pdf\">RESULTADO<\/a>, publicado em 11\/01\/2023 \u00e0s 13:45h.<\/li>\n<li><a href=\"http:\/\/coronelxavierchaves.mg.gov.br\/prefeitura\/wp-content\/uploads\/2023\/01\/11-CONTRATO-POCO-QUEBRA-MACHADO-PUBLICAR.pdf\">CONTRATO<\/a>, publicado em 26\/01\/2023 \u00e0s 14:44h.<\/li>\n<li><a href=\"http:\/\/coronelxavierchaves.mg.gov.br\/prefeitura\/wp-content\/uploads\/2023\/01\/12-ORDEM-DE-SERVICO-QUEBRA-MACHADO.pdf\">ORDEM DE SERVI\u00c7O<\/a>, publicado em 26\/01\/2023 \u00e0s 14:44h.<\/li>\n<li><a href=\"http:\/\/coronelxavierchaves.mg.gov.br\/prefeitura\/wp-content\/uploads\/2023\/06\/1o-TERMO-ADITAMENTO-MENDONCA-POCOS-92.2022-QUEBRA-MACHADO-publicar.pdf\">1\u00ba TERMO ADITIVO<\/a>, publicado em 02\/06\/2023 \u00e0s 11:32h.<\/li>\n<li><a href=\"https:\/\/coronelxavierchaves.mg.gov.br\/prefeitura\/wp-content\/uploads\/2023\/06\/2o-TERMO-ADITAMENTO-MENDONCA-POCOS-92.2022-QUEBRA-MACHADO-PUBLICAR.pdf\">2\u00ba TERMO ADITIVO<\/a>, publicado em 30\/06\/2023 \u00e0s 13:03h.<\/li>\n<\/ul>\n<\/li>\n<\/ul>\n<p style=\"text-align: justify;\"><strong><u>AVISO DE LICITA\u00c7\u00c3O<\/u><\/strong><\/p>\n<div style=\"text-align: justify;\">\n<div style=\"text-align: justify;\">\n<p>Prefeitura Municipal de Coronel Xavier Chaves\/MG.\u00a0<b>Aviso de\u00a0Licita\u00e7\u00e3o\u00a0&#8211; Processo Licitat\u00f3rio 92\/2022, Tomada de Pre\u00e7os 05\/2022, do tipo\u00a0<u>Menor Pre\u00e7o Global<\/u>. Objeto<i>:\u00a0<\/i><u>CONTRATA\u00c7\u00c3O DE EMPRESA ESPECIALIZADA PARA A CONSTRU\u00c7\u00c3O DE PO\u00c7O TUBULAR PROFUNDO, PARA CAPTA\u00c7\u00c3O DE \u00c1GUA SUBTERR\u00c2NEA, DESTINADA AO ABASTECIMENTO P\u00daBLICO NA COMUNIDADE QUEBRA MACHADO, COM O FORNECIMENTO E INSTALA\u00c7\u00c3O COMPLETO DE EQUIPAMENTO DE RECALQUE DA \u00c1GUA DO PO\u00c7O, BEM COMO A OBTEN\u00c7\u00c3O DE TODAS AS LICEN\u00c7AS E AUTORIZA\u00c7\u00d5ES PERANTE AOS \u00d3RG\u00c3OS AMBIENTAIS<\/u>.<\/b>\u00a0Certificado de Registro Cadastral &#8211; CRC (obrigat\u00f3rio) e Visita T\u00e9cnica (facultativa):\u00a0<b><u>at\u00e9 06\/01\/2023<\/u><\/b>. Abertura da sess\u00e3o p\u00fablica:\u00a0<b><u>10\/01\/\/2023 \u00e0s 10h00min<\/u>.<\/b>\u00a0O edital est\u00e1 dispon\u00edvel no Site &#8211;\u00a0\u201c<a href=\"http:\/\/www.coronelxavierchaves.mg.gov.br\/\" target=\"_blank\" rel=\"noopener\" data-saferedirecturl=\"https:\/\/www.google.com\/url?q=http:\/\/www.coronelxavierchaves.mg.gov.br&amp;source=gmail&amp;ust=1671109200453000&amp;usg=AOvVaw3gNiuAIlftrjJef0Jx7yQ6\">www.coronelxavierchaves.mg.<wbr \/>gov.br<\/a>&#8220;, informa\u00e7\u00f5es\u00a0na Prefeitura Municipal \u00e0 Rua Padre Reis, 84, Centro, Coronel Xavier Chaves, MG, no hor\u00e1rio das 08h00min \u00e0s 12h00min e das 13h00min \u00e0s 16h00min. Tel.:\u00a0<a href=\"tel:%2832%29%203357-1235\" target=\"_blank\" rel=\"noopener\">(32) 3357-1235<\/a>.\u00a0Coronel Xavier Chaves, 14 de dezembro de 2022.\u00a0Juliana Jaques Camargos \u2013 Presidente da CPL<\/p>\n<\/div>\n<\/div>\n<p>&nbsp;<\/p>\n<div class=\"printshowonly\">\n<p>*<b>PUBLICA\u00c7\u00c3O<\/b><\/p>\n<ul>\n<li>Um destaque desta publica\u00e7\u00e3o foi gerado na p\u00e1gina inicial do site, dispon\u00edvel at\u00e9 que demais publica\u00e7\u00f5es sejam realizadas.<\/li>\n<li>Uma publica\u00e7\u00e3o permanente foi feita na p\u00e1gina de Editais e Licita\u00e7\u00f5es.<\/li>\n<li>Link para acesso:\u00a0http:\/\/coronelxavierchaves.mg.gov.br\/prefeitura\/wp-json\/wp\/v2\/posts\/15715<\/li>\n<\/ul>\n<\/div>\n","protected":false},"excerpt":{"rendered":"<p>DOWNLOADS EDITAL, publicado em 14\/12\/2022 \u00e0s 10:07h. RESULTADO, publicado em 11\/01\/2023 \u00e0s 13:45h. CONTRATO, publicado em 26\/01\/2023 \u00e0s 14:44h. ORDEM DE SERVI\u00c7O, publicado em 26\/01\/2023 \u00e0s 14:44h. 1\u00ba TERMO ADITIVO, publicado em 02\/06\/2023 \u00e0s 11:32h. 2\u00ba TERMO ADITIVO, publicado em 30\/06\/2023 \u00e0s 13:03h. AVISO DE LICITA\u00c7\u00c3O Prefeitura Municipal de Coronel Xavier Chaves\/MG.\u00a0Aviso de\u00a0Licita\u00e7\u00e3o\u00a0&#8211; Processo Licitat\u00f3rio [&hellip;]<\/p>\n","protected":false},"author":3,"featured_media":4366,"comment_status":"open","ping_status":"open","sticky":false,"template":"","format":"standard","meta":{"footnotes":"","_links_to":"","_links_to_target":""},"categories":[102],"tags":[],"class_list":{"0":"post-15715","1":"post","2":"type-post","3":"status-publish","4":"format-standard","5":"has-post-thumbnail","7":"category-editais-de-licitacao-2022"},"_links":{"self":[{"href":"https:\/\/coronelxavierchaves.mg.gov.br\/prefeitura\/wp-json\/wp\/v2\/posts\/15715","targetHints":{"allow":["GET"]}}],"collection":[{"href":"https:\/\/coronelxavierchaves.mg.gov.br\/prefeitura\/wp-json\/wp\/v2\/posts"}],"about":[{"href":"https:\/\/coronelxavierchaves.mg.gov.br\/prefeitura\/wp-json\/wp\/v2\/types\/post"}],"author":[{"embeddable":true,"href":"https:\/\/coronelxavierchaves.mg.gov.br\/prefeitura\/wp-json\/wp\/v2\/users\/3"}],"replies":[{"embeddable":true,"href":"https:\/\/coronelxavierchaves.mg.gov.br\/prefeitura\/wp-json\/wp\/v2\/comments?post=15715"}],"version-history":[{"count":7,"href":"https:\/\/coronelxavierchaves.mg.gov.br\/prefeitura\/wp-json\/wp\/v2\/posts\/15715\/revisions"}],"predecessor-version":[{"id":17250,"href":"https:\/\/coronelxavierchaves.mg.gov.br\/prefeitura\/wp-json\/wp\/v2\/posts\/15715\/revisions\/17250"}],"wp:featuredmedia":[{"embeddable":true,"href":"https:\/\/coronelxavierchaves.mg.gov.br\/prefeitura\/wp-json\/wp\/v2\/media\/4366"}],"wp:attachment":[{"href":"https:\/\/coronelxavierchaves.mg.gov.br\/prefeitura\/wp-json\/wp\/v2\/media?parent=15715"}],"wp:term":[{"taxonomy":"category","embeddable":true,"href":"https:\/\/coronelxavierchaves.mg.gov.br\/prefeitura\/wp-json\/wp\/v2\/categories?post=15715"},{"taxonomy":"post_tag","embeddable":true,"href":"https:\/\/coronelxavierchaves.mg.gov.br\/prefeitura\/wp-json\/wp\/v2\/tags?post=15715"}],"curies":[{"name":"wp","href":"https:\/\/api.w.org\/{rel}","templated":true}]}}