{"id":15757,"date":"2022-12-20T11:05:04","date_gmt":"2022-12-20T14:05:04","guid":{"rendered":"http:\/\/coronelxavierchaves.mg.gov.br\/prefeitura\/?p=15757"},"modified":"2022-12-20T11:05:04","modified_gmt":"2022-12-20T14:05:04","slug":"convocacao-do-processo-seletivo-05-2020-auxiliar-de-servico-de-saude-i-2","status":"publish","type":"post","link":"https:\/\/coronelxavierchaves.mg.gov.br\/prefeitura\/2022\/12\/20\/convocacao-do-processo-seletivo-05-2020-auxiliar-de-servico-de-saude-i-2\/","title":{"rendered":"Convoca\u00e7\u00e3o do Processo Seletivo 05\/2020: Auxiliar de Servi\u00e7o de Sa\u00fade I"},"content":{"rendered":"<ul>\n<li><a href=\"http:\/\/coronelxavierchaves.mg.gov.br\/prefeitura\/wp-content\/uploads\/2022\/12\/EDITAL-DE-CONVOCACAO-PROCESSO-SELETIVO-005-2020-AUX-DE-SERVICO-DE-SAUDE-I.pdf\">EDITAL DE CONVOCA\u00c7\u00c3O: AUXILIAR DE SERVI\u00c7O DE SA\u00daDE I<\/a>, publicado em 20\/12\/2022 \u00e0s 11:05h.<\/li>\n<\/ul>\n","protected":false},"excerpt":{"rendered":"<p>EDITAL DE CONVOCA\u00c7\u00c3O: AUXILIAR DE SERVI\u00c7O DE SA\u00daDE I, publicado em 20\/12\/2022 \u00e0s 11:05h.<\/p>\n","protected":false},"author":3,"featured_media":4366,"comment_status":"open","ping_status":"open","sticky":false,"template":"","format":"standard","meta":{"footnotes":"","_links_to":"","_links_to_target":""},"categories":[101],"tags":[],"class_list":{"0":"post-15757","1":"post","2":"type-post","3":"status-publish","4":"format-standard","5":"has-post-thumbnail","7":"category-editais-de-convocacao-e-contratacao-2022"},"_links":{"self":[{"href":"https:\/\/coronelxavierchaves.mg.gov.br\/prefeitura\/wp-json\/wp\/v2\/posts\/15757","targetHints":{"allow":["GET"]}}],"collection":[{"href":"https:\/\/coronelxavierchaves.mg.gov.br\/prefeitura\/wp-json\/wp\/v2\/posts"}],"about":[{"href":"https:\/\/coronelxavierchaves.mg.gov.br\/prefeitura\/wp-json\/wp\/v2\/types\/post"}],"author":[{"embeddable":true,"href":"https:\/\/coronelxavierchaves.mg.gov.br\/prefeitura\/wp-json\/wp\/v2\/users\/3"}],"replies":[{"embeddable":true,"href":"https:\/\/coronelxavierchaves.mg.gov.br\/prefeitura\/wp-json\/wp\/v2\/comments?post=15757"}],"version-history":[{"count":1,"href":"https:\/\/coronelxavierchaves.mg.gov.br\/prefeitura\/wp-json\/wp\/v2\/posts\/15757\/revisions"}],"predecessor-version":[{"id":15759,"href":"https:\/\/coronelxavierchaves.mg.gov.br\/prefeitura\/wp-json\/wp\/v2\/posts\/15757\/revisions\/15759"}],"wp:featuredmedia":[{"embeddable":true,"href":"https:\/\/coronelxavierchaves.mg.gov.br\/prefeitura\/wp-json\/wp\/v2\/media\/4366"}],"wp:attachment":[{"href":"https:\/\/coronelxavierchaves.mg.gov.br\/prefeitura\/wp-json\/wp\/v2\/media?parent=15757"}],"wp:term":[{"taxonomy":"category","embeddable":true,"href":"https:\/\/coronelxavierchaves.mg.gov.br\/prefeitura\/wp-json\/wp\/v2\/categories?post=15757"},{"taxonomy":"post_tag","embeddable":true,"href":"https:\/\/coronelxavierchaves.mg.gov.br\/prefeitura\/wp-json\/wp\/v2\/tags?post=15757"}],"curies":[{"name":"wp","href":"https:\/\/api.w.org\/{rel}","templated":true}]}}