{"id":19133,"date":"2024-03-20T17:29:14","date_gmt":"2024-03-20T20:29:14","guid":{"rendered":"https:\/\/coronelxavierchaves.mg.gov.br\/prefeitura\/?p=19133"},"modified":"2024-04-24T09:05:24","modified_gmt":"2024-04-24T12:05:24","slug":"termo-de-ratificacao-pl-30-2024-contratacao-do-sebrae-para-a-realizacao-de-capacitacao-dos-produtores-de-leite-e-queijo-minas-artesanal-que-acontecera-entre-os-dias-02-e-04-de-maio-de-2024","status":"publish","type":"post","link":"https:\/\/coronelxavierchaves.mg.gov.br\/prefeitura\/2024\/03\/20\/termo-de-ratificacao-pl-30-2024-contratacao-do-sebrae-para-a-realizacao-de-capacitacao-dos-produtores-de-leite-e-queijo-minas-artesanal-que-acontecera-entre-os-dias-02-e-04-de-maio-de-2024\/","title":{"rendered":"Termo de Ratifica\u00e7\u00e3o (PL 30\/2024) Contrata\u00e7\u00e3o Do Sebrae Para A Realiza\u00e7\u00e3o De Capacita\u00e7\u00e3o Dos Produtores De Leite E Queijo Minas Artesanal, Que Acontecer\u00e1 Entre Os Dias 02 E 04 De Maio De 2024"},"content":{"rendered":"<blockquote><p>DOWNLOADS<\/p><\/blockquote>\n<ul>\n<li><a href=\"https:\/\/coronelxavierchaves.mg.gov.br\/prefeitura\/wp-content\/uploads\/2024\/03\/09-RATIFICACAO-1.pdf\">RATIFICA\u00c7\u00c3O<\/a>, publicado em 20\/03\/2024 \u00e0s 17:27h.<\/li>\n<li><a href=\"https:\/\/coronelxavierchaves.mg.gov.br\/prefeitura\/wp-content\/uploads\/2024\/04\/CURSO-QUEIJO-SEBRAE-30-2024.pdf\">CONTRATO<\/a>, publicado em 24\/04\/2024 \u00e0s 09:05h.<\/li>\n<\/ul>\n<p>&nbsp;<\/p>\n<blockquote><p>OBJETO<\/p><\/blockquote>\n<div class=\"printshowonly\">\n<p style=\"text-align: justify;\"><strong>CONTRATA\u00c7\u00c3O DO SEBRAE PARA A REALIZA\u00c7\u00c3O DE CAPACITA\u00c7\u00c3O DOS PRODUTORES DE LEITE E QUEIJO MINAS ARTESANAL, QUE ACONTECER\u00c1 ENTRE OS DIAS 02 E 04 DE MAIO DE 2024.<\/strong><\/p>\n<p>&nbsp;<\/p>\n<p>*<b>PUBLICA\u00c7\u00c3O<\/b><\/p>\n<ul>\n<li>Um destaque desta publica\u00e7\u00e3o foi gerado na p\u00e1gina inicial do site, dispon\u00edvel at\u00e9 que demais publica\u00e7\u00f5es sejam realizadas.<\/li>\n<li>Uma publica\u00e7\u00e3o permanente foi feita na p\u00e1gina de Editais e Licita\u00e7\u00f5es.<\/li>\n<li>Link para acesso:\u00a0http:\/\/coronelxavierchaves.mg.gov.br\/prefeitura\/wp-json\/wp\/v2\/posts\/19133<\/li>\n<\/ul>\n<\/div>\n<div style=\"text-align: justify;\">\n<div style=\"text-align: justify;\">\n<div><\/div>\n<\/div>\n<\/div>\n","protected":false},"excerpt":{"rendered":"<p>DOWNLOADS RATIFICA\u00c7\u00c3O, publicado em 20\/03\/2024 \u00e0s 17:27h. CONTRATO, publicado em 24\/04\/2024 \u00e0s 09:05h. &nbsp; OBJETO CONTRATA\u00c7\u00c3O DO SEBRAE PARA A REALIZA\u00c7\u00c3O DE CAPACITA\u00c7\u00c3O DOS PRODUTORES DE LEITE E QUEIJO MINAS ARTESANAL, QUE ACONTECER\u00c1 ENTRE OS DIAS 02 E 04 DE MAIO DE 2024. &nbsp; *PUBLICA\u00c7\u00c3O Um destaque desta publica\u00e7\u00e3o foi gerado na p\u00e1gina inicial do [&hellip;]<\/p>\n","protected":false},"author":8,"featured_media":4367,"comment_status":"open","ping_status":"open","sticky":false,"template":"","format":"standard","meta":{"footnotes":"","_links_to":"","_links_to_target":""},"categories":[119],"tags":[],"class_list":{"0":"post-19133","1":"post","2":"type-post","3":"status-publish","4":"format-standard","5":"has-post-thumbnail","7":"category-contratos-aditivos-atas-e-outros-2024"},"_links":{"self":[{"href":"https:\/\/coronelxavierchaves.mg.gov.br\/prefeitura\/wp-json\/wp\/v2\/posts\/19133","targetHints":{"allow":["GET"]}}],"collection":[{"href":"https:\/\/coronelxavierchaves.mg.gov.br\/prefeitura\/wp-json\/wp\/v2\/posts"}],"about":[{"href":"https:\/\/coronelxavierchaves.mg.gov.br\/prefeitura\/wp-json\/wp\/v2\/types\/post"}],"author":[{"embeddable":true,"href":"https:\/\/coronelxavierchaves.mg.gov.br\/prefeitura\/wp-json\/wp\/v2\/users\/8"}],"replies":[{"embeddable":true,"href":"https:\/\/coronelxavierchaves.mg.gov.br\/prefeitura\/wp-json\/wp\/v2\/comments?post=19133"}],"version-history":[{"count":3,"href":"https:\/\/coronelxavierchaves.mg.gov.br\/prefeitura\/wp-json\/wp\/v2\/posts\/19133\/revisions"}],"predecessor-version":[{"id":19494,"href":"https:\/\/coronelxavierchaves.mg.gov.br\/prefeitura\/wp-json\/wp\/v2\/posts\/19133\/revisions\/19494"}],"wp:featuredmedia":[{"embeddable":true,"href":"https:\/\/coronelxavierchaves.mg.gov.br\/prefeitura\/wp-json\/wp\/v2\/media\/4367"}],"wp:attachment":[{"href":"https:\/\/coronelxavierchaves.mg.gov.br\/prefeitura\/wp-json\/wp\/v2\/media?parent=19133"}],"wp:term":[{"taxonomy":"category","embeddable":true,"href":"https:\/\/coronelxavierchaves.mg.gov.br\/prefeitura\/wp-json\/wp\/v2\/categories?post=19133"},{"taxonomy":"post_tag","embeddable":true,"href":"https:\/\/coronelxavierchaves.mg.gov.br\/prefeitura\/wp-json\/wp\/v2\/tags?post=19133"}],"curies":[{"name":"wp","href":"https:\/\/api.w.org\/{rel}","templated":true}]}}