{"id":19847,"date":"2024-05-27T17:58:28","date_gmt":"2024-05-27T20:58:28","guid":{"rendered":"https:\/\/coronelxavierchaves.mg.gov.br\/prefeitura\/?p=19847"},"modified":"2024-05-27T17:58:28","modified_gmt":"2024-05-27T20:58:28","slug":"termo-de-adjudicacao-pl-53-2024-contratacao-de-empresa-especializada-para-reforma-do-salao-social-localizado-no-parque-de-exposicoes-municipal-joao-batista-assuncao","status":"publish","type":"post","link":"https:\/\/coronelxavierchaves.mg.gov.br\/prefeitura\/2024\/05\/27\/termo-de-adjudicacao-pl-53-2024-contratacao-de-empresa-especializada-para-reforma-do-salao-social-localizado-no-parque-de-exposicoes-municipal-joao-batista-assuncao\/","title":{"rendered":"Termo de Adjudica\u00e7\u00e3o (PL 53\/2024) &#8211; Contrata\u00e7\u00e3o De Empresa Especializada Para Reforma Do Sal\u00e3o Social, Localizado No Parque De Exposi\u00e7\u00f5es Municipal Jo\u00e3o Batista Assun\u00e7\u00e3o&#8230;"},"content":{"rendered":"<blockquote><p>DOWNLOADS<\/p><\/blockquote>\n<ul>\n<li><a href=\"https:\/\/coronelxavierchaves.mg.gov.br\/prefeitura\/wp-content\/uploads\/2024\/05\/ADJUDICACAO-53-2024.pdf\">TERMO DE ADJUDICA\u00c7\u00c3O<\/a>, publicado em 27\/05\/2024 \u00e0s 17:58h.<\/li>\n<\/ul>\n<blockquote><p>OBJETO<\/p><\/blockquote>\n<div style=\"text-align: justify;\">\n<div style=\"text-align: justify;\">\n<p><strong><u>EXTRATO DO TERMO DE ADJUDICA\u00c7\u00c3O<\/u><\/strong><\/p>\n<p>&nbsp;<\/p>\n<p>O Prefeito Municipal de Coronel Xavier Chaves &#8211; MG, ap\u00f3s averiguar o resultado da Concorr\u00eancia\u00a0<strong>n\u00b00003\/2024<\/strong>\u00a0referente ao processo\u00a0<strong>00005324\u00a0<\/strong>Objeto:\u00a0<strong>Contrata\u00e7\u00e3o de empresa especializada para reforma do sal\u00e3o social, localizado no parque de exposi\u00e7\u00f5es municipal Jo\u00e3o Batista Assun\u00e7\u00e3o em Coronel Xavier Chaves\/MG,<\/strong>\u00a0<strong>ADJUDICA<\/strong>\u00a0ao licitante vencedor,\u00a0<strong>\u00c1GORA DO BRASIL COM\u00c9RCIO E SERVI\u00c7OS LTDA<\/strong>, inscrita no CNPJ sob n\u00b036.113.090\/0001-74, com sede na Rua Santa Luzia, n\u00ba 799, Bairro Centro, Rio de Janeiro, CEP: 20.030-041. Proposta Final: VALOR GLOBAL:R$ 1.099.299,00 (Um milh\u00e3o, noventa e nove mil, duzentos e noventa e nove reais) Coronel Xavier Chaves, 23 de maio de 2024 F\u00favio Ol\u00edmpio de Oliveira Pinto &#8211; Prefeito Municipal.<\/p>\n<\/div>\n<div>\n<p>&nbsp;<\/p>\n<div>\n<p>*<b>PUBLICA\u00c7\u00c3O<\/b><\/p>\n<ul>\n<li>Um destaque desta publica\u00e7\u00e3o foi gerado na p\u00e1gina inicial do site, dispon\u00edvel at\u00e9 que demais publica\u00e7\u00f5es sejam realizadas.<\/li>\n<li>Uma publica\u00e7\u00e3o permanente foi feita na p\u00e1gina de Editais e Licita\u00e7\u00f5es.<\/li>\n<li>Link para acesso:\u00a0http:\/\/coronelxavierchaves.mg.gov.br\/prefeitura\/wp-json\/wp\/v2\/posts\/19847<\/li>\n<\/ul>\n<\/div>\n<\/div>\n<\/div>\n","protected":false},"excerpt":{"rendered":"<p>DOWNLOADS TERMO DE ADJUDICA\u00c7\u00c3O, publicado em 27\/05\/2024 \u00e0s 17:58h. OBJETO EXTRATO DO TERMO DE ADJUDICA\u00c7\u00c3O &nbsp; O Prefeito Municipal de Coronel Xavier Chaves &#8211; MG, ap\u00f3s averiguar o resultado da Concorr\u00eancia\u00a0n\u00b00003\/2024\u00a0referente ao processo\u00a000005324\u00a0Objeto:\u00a0Contrata\u00e7\u00e3o de empresa especializada para reforma do sal\u00e3o social, localizado no parque de exposi\u00e7\u00f5es municipal Jo\u00e3o Batista Assun\u00e7\u00e3o em Coronel Xavier Chaves\/MG,\u00a0ADJUDICA\u00a0ao licitante [&hellip;]<\/p>\n","protected":false},"author":3,"featured_media":4367,"comment_status":"open","ping_status":"open","sticky":false,"template":"","format":"standard","meta":{"footnotes":"","_links_to":"","_links_to_target":""},"categories":[119],"tags":[],"class_list":{"0":"post-19847","1":"post","2":"type-post","3":"status-publish","4":"format-standard","5":"has-post-thumbnail","7":"category-contratos-aditivos-atas-e-outros-2024"},"_links":{"self":[{"href":"https:\/\/coronelxavierchaves.mg.gov.br\/prefeitura\/wp-json\/wp\/v2\/posts\/19847","targetHints":{"allow":["GET"]}}],"collection":[{"href":"https:\/\/coronelxavierchaves.mg.gov.br\/prefeitura\/wp-json\/wp\/v2\/posts"}],"about":[{"href":"https:\/\/coronelxavierchaves.mg.gov.br\/prefeitura\/wp-json\/wp\/v2\/types\/post"}],"author":[{"embeddable":true,"href":"https:\/\/coronelxavierchaves.mg.gov.br\/prefeitura\/wp-json\/wp\/v2\/users\/3"}],"replies":[{"embeddable":true,"href":"https:\/\/coronelxavierchaves.mg.gov.br\/prefeitura\/wp-json\/wp\/v2\/comments?post=19847"}],"version-history":[{"count":1,"href":"https:\/\/coronelxavierchaves.mg.gov.br\/prefeitura\/wp-json\/wp\/v2\/posts\/19847\/revisions"}],"predecessor-version":[{"id":19849,"href":"https:\/\/coronelxavierchaves.mg.gov.br\/prefeitura\/wp-json\/wp\/v2\/posts\/19847\/revisions\/19849"}],"wp:featuredmedia":[{"embeddable":true,"href":"https:\/\/coronelxavierchaves.mg.gov.br\/prefeitura\/wp-json\/wp\/v2\/media\/4367"}],"wp:attachment":[{"href":"https:\/\/coronelxavierchaves.mg.gov.br\/prefeitura\/wp-json\/wp\/v2\/media?parent=19847"}],"wp:term":[{"taxonomy":"category","embeddable":true,"href":"https:\/\/coronelxavierchaves.mg.gov.br\/prefeitura\/wp-json\/wp\/v2\/categories?post=19847"},{"taxonomy":"post_tag","embeddable":true,"href":"https:\/\/coronelxavierchaves.mg.gov.br\/prefeitura\/wp-json\/wp\/v2\/tags?post=19847"}],"curies":[{"name":"wp","href":"https:\/\/api.w.org\/{rel}","templated":true}]}}