{"id":19999,"date":"2024-06-18T16:00:43","date_gmt":"2024-06-18T19:00:43","guid":{"rendered":"https:\/\/coronelxavierchaves.mg.gov.br\/prefeitura\/?p=19999"},"modified":"2024-06-18T16:00:43","modified_gmt":"2024-06-18T19:00:43","slug":"contrato-contratacao-de-empresa-de-prestacao-de-servicos-graficos-para-confeccao-de-placas-informativas-em-materiais-de-aco-escovado-e-pvc","status":"publish","type":"post","link":"https:\/\/coronelxavierchaves.mg.gov.br\/prefeitura\/2024\/06\/18\/contrato-contratacao-de-empresa-de-prestacao-de-servicos-graficos-para-confeccao-de-placas-informativas-em-materiais-de-aco-escovado-e-pvc\/","title":{"rendered":"Contrato: Contrata\u00e7\u00e3o de empresa de presta\u00e7\u00e3o de servi\u00e7os gr\u00e1ficos para confec\u00e7\u00e3o de placas informativas, em materiais de a\u00e7o escovado e pvc&#8230;"},"content":{"rendered":"<blockquote><p>DOWNLOADS<\/p><\/blockquote>\n<ul>\n<li><a href=\"https:\/\/coronelxavierchaves.mg.gov.br\/prefeitura\/wp-content\/uploads\/2024\/06\/CONTRATO-W.G.-NASCIMENTO-LIMA-LTDA.pdf\">CONTRATO<\/a>, publicado em 18\/06\/2024 \u00e0s 16:00h.<\/li>\n<\/ul>\n<blockquote><p>OBJETO<\/p><\/blockquote>\n<div style=\"text-align: justify;\">\n<div style=\"text-align: justify;\">\n<div style=\"text-align: justify;\">\n<div><b>CONTRATA\u00c7\u00c3O DE EMPRESA DE PRESTA\u00c7\u00c3O DE SERVI\u00c7OS GR\u00c1FICOS PARA CONFEC\u00c7\u00c3O DE PLACAS INFORMATIVAS, EM MATERIAIS DE A\u00c7O ESCOVADO E PVC, QUE SER\u00c3O INSTALADAS NO DESTACAMENTO DA POL\u00cdCIA MILITAR DE CORONEL XAVIER CHAVES E NO CENTRO DE SA\u00daDE \u201cGERALDO DE SOUZA\u201d.<\/b><\/div>\n<div>\n<p>&nbsp;<\/p>\n<div class=\"printshowonly\">\n<p>*<b>PUBLICA\u00c7\u00c3O<\/b><\/p>\n<ul>\n<li>Um destaque desta publica\u00e7\u00e3o foi gerado na p\u00e1gina inicial do site, dispon\u00edvel at\u00e9 que demais publica\u00e7\u00f5es sejam realizadas.<\/li>\n<li>Uma publica\u00e7\u00e3o permanente foi feita na p\u00e1gina de Editais e Licita\u00e7\u00f5es.<\/li>\n<li>Link para acesso:\u00a0http:\/\/coronelxavierchaves.mg.gov.br\/prefeitura\/wp-json\/wp\/v2\/posts\/19999<\/li>\n<\/ul>\n<\/div>\n<\/div>\n<\/div>\n<div><\/div>\n<\/div>\n<\/div>\n","protected":false},"excerpt":{"rendered":"<p>DOWNLOADS CONTRATO, publicado em 18\/06\/2024 \u00e0s 16:00h. OBJETO CONTRATA\u00c7\u00c3O DE EMPRESA DE PRESTA\u00c7\u00c3O DE SERVI\u00c7OS GR\u00c1FICOS PARA CONFEC\u00c7\u00c3O DE PLACAS INFORMATIVAS, EM MATERIAIS DE A\u00c7O ESCOVADO E PVC, QUE SER\u00c3O INSTALADAS NO DESTACAMENTO DA POL\u00cdCIA MILITAR DE CORONEL XAVIER CHAVES E NO CENTRO DE SA\u00daDE \u201cGERALDO DE SOUZA\u201d. &nbsp; *PUBLICA\u00c7\u00c3O Um destaque desta publica\u00e7\u00e3o foi [&hellip;]<\/p>\n","protected":false},"author":3,"featured_media":4367,"comment_status":"open","ping_status":"open","sticky":false,"template":"","format":"standard","meta":{"footnotes":"","_links_to":"","_links_to_target":""},"categories":[119],"tags":[],"class_list":{"0":"post-19999","1":"post","2":"type-post","3":"status-publish","4":"format-standard","5":"has-post-thumbnail","7":"category-contratos-aditivos-atas-e-outros-2024"},"_links":{"self":[{"href":"https:\/\/coronelxavierchaves.mg.gov.br\/prefeitura\/wp-json\/wp\/v2\/posts\/19999","targetHints":{"allow":["GET"]}}],"collection":[{"href":"https:\/\/coronelxavierchaves.mg.gov.br\/prefeitura\/wp-json\/wp\/v2\/posts"}],"about":[{"href":"https:\/\/coronelxavierchaves.mg.gov.br\/prefeitura\/wp-json\/wp\/v2\/types\/post"}],"author":[{"embeddable":true,"href":"https:\/\/coronelxavierchaves.mg.gov.br\/prefeitura\/wp-json\/wp\/v2\/users\/3"}],"replies":[{"embeddable":true,"href":"https:\/\/coronelxavierchaves.mg.gov.br\/prefeitura\/wp-json\/wp\/v2\/comments?post=19999"}],"version-history":[{"count":1,"href":"https:\/\/coronelxavierchaves.mg.gov.br\/prefeitura\/wp-json\/wp\/v2\/posts\/19999\/revisions"}],"predecessor-version":[{"id":20001,"href":"https:\/\/coronelxavierchaves.mg.gov.br\/prefeitura\/wp-json\/wp\/v2\/posts\/19999\/revisions\/20001"}],"wp:featuredmedia":[{"embeddable":true,"href":"https:\/\/coronelxavierchaves.mg.gov.br\/prefeitura\/wp-json\/wp\/v2\/media\/4367"}],"wp:attachment":[{"href":"https:\/\/coronelxavierchaves.mg.gov.br\/prefeitura\/wp-json\/wp\/v2\/media?parent=19999"}],"wp:term":[{"taxonomy":"category","embeddable":true,"href":"https:\/\/coronelxavierchaves.mg.gov.br\/prefeitura\/wp-json\/wp\/v2\/categories?post=19999"},{"taxonomy":"post_tag","embeddable":true,"href":"https:\/\/coronelxavierchaves.mg.gov.br\/prefeitura\/wp-json\/wp\/v2\/tags?post=19999"}],"curies":[{"name":"wp","href":"https:\/\/api.w.org\/{rel}","templated":true}]}}