{"id":20125,"date":"2024-06-27T08:33:32","date_gmt":"2024-06-27T11:33:32","guid":{"rendered":"https:\/\/coronelxavierchaves.mg.gov.br\/prefeitura\/?p=20125"},"modified":"2024-06-27T08:33:32","modified_gmt":"2024-06-27T11:33:32","slug":"declaracao-de-processo-fracassado-pl-78-2024-aquisicao-de-computador-desktop-a-ser-utilizado-como-servidor-para-o-sistema-de-gestao-da-prefeitura","status":"publish","type":"post","link":"https:\/\/coronelxavierchaves.mg.gov.br\/prefeitura\/2024\/06\/27\/declaracao-de-processo-fracassado-pl-78-2024-aquisicao-de-computador-desktop-a-ser-utilizado-como-servidor-para-o-sistema-de-gestao-da-prefeitura\/","title":{"rendered":"Declara\u00e7\u00e3o de Processo Fracassado (PL 78\/2024) &#8211; Aquisi\u00e7\u00e3o de computador desktop a ser utilizado como servidor para o sistema de gest\u00e3o da prefeitura"},"content":{"rendered":"<blockquote><p>DOWNLOADS<\/p><\/blockquote>\n<ul>\n<li><a href=\"https:\/\/coronelxavierchaves.mg.gov.br\/prefeitura\/wp-content\/uploads\/2024\/06\/DECLARACAO-78-2024.pdf\">DECLARA\u00c7\u00c3O DE PROCESSO FRACASSADO<\/a>, publicado em 27\/06\/2024 \u00e0s 08:33h.<\/li>\n<\/ul>\n<blockquote><p>OBJETO<\/p><\/blockquote>\n<div style=\"text-align: justify;\">AQUISI\u00c7\u00c3O DE COMPUTADOR DESKTOP A SER UTILIZADO COMO SERVIDOR PARA O SISTEMA DE GEST\u00c3O DA PREFEITURA MUNICIPAL DE CORONEL XAVIER CHAVES\/MG.<\/div>\n<div><\/div>\n<div><\/div>\n<div class=\"printshowonly\">\n<p>*<b>PUBLICA\u00c7\u00c3O<\/b><\/p>\n<ul>\n<li>Um destaque desta publica\u00e7\u00e3o foi gerado na p\u00e1gina inicial do site, dispon\u00edvel at\u00e9 que demais publica\u00e7\u00f5es sejam realizadas.<\/li>\n<li>Uma publica\u00e7\u00e3o permanente foi feita na p\u00e1gina de Editais e Licita\u00e7\u00f5es.<\/li>\n<li>Link para acesso:\u00a0http:\/\/coronelxavierchaves.mg.gov.br\/prefeitura\/wp-json\/wp\/v2\/posts\/20125<\/li>\n<\/ul>\n<\/div>\n","protected":false},"excerpt":{"rendered":"<p>DOWNLOADS DECLARA\u00c7\u00c3O DE PROCESSO FRACASSADO, publicado em 27\/06\/2024 \u00e0s 08:33h. OBJETO AQUISI\u00c7\u00c3O DE COMPUTADOR DESKTOP A SER UTILIZADO COMO SERVIDOR PARA O SISTEMA DE GEST\u00c3O DA PREFEITURA MUNICIPAL DE CORONEL XAVIER CHAVES\/MG. *PUBLICA\u00c7\u00c3O Um destaque desta publica\u00e7\u00e3o foi gerado na p\u00e1gina inicial do site, dispon\u00edvel at\u00e9 que demais publica\u00e7\u00f5es sejam realizadas. Uma publica\u00e7\u00e3o permanente foi [&hellip;]<\/p>\n","protected":false},"author":3,"featured_media":4367,"comment_status":"open","ping_status":"open","sticky":false,"template":"","format":"standard","meta":{"footnotes":"","_links_to":"","_links_to_target":""},"categories":[119],"tags":[],"class_list":{"0":"post-20125","1":"post","2":"type-post","3":"status-publish","4":"format-standard","5":"has-post-thumbnail","7":"category-contratos-aditivos-atas-e-outros-2024"},"_links":{"self":[{"href":"https:\/\/coronelxavierchaves.mg.gov.br\/prefeitura\/wp-json\/wp\/v2\/posts\/20125","targetHints":{"allow":["GET"]}}],"collection":[{"href":"https:\/\/coronelxavierchaves.mg.gov.br\/prefeitura\/wp-json\/wp\/v2\/posts"}],"about":[{"href":"https:\/\/coronelxavierchaves.mg.gov.br\/prefeitura\/wp-json\/wp\/v2\/types\/post"}],"author":[{"embeddable":true,"href":"https:\/\/coronelxavierchaves.mg.gov.br\/prefeitura\/wp-json\/wp\/v2\/users\/3"}],"replies":[{"embeddable":true,"href":"https:\/\/coronelxavierchaves.mg.gov.br\/prefeitura\/wp-json\/wp\/v2\/comments?post=20125"}],"version-history":[{"count":1,"href":"https:\/\/coronelxavierchaves.mg.gov.br\/prefeitura\/wp-json\/wp\/v2\/posts\/20125\/revisions"}],"predecessor-version":[{"id":20127,"href":"https:\/\/coronelxavierchaves.mg.gov.br\/prefeitura\/wp-json\/wp\/v2\/posts\/20125\/revisions\/20127"}],"wp:featuredmedia":[{"embeddable":true,"href":"https:\/\/coronelxavierchaves.mg.gov.br\/prefeitura\/wp-json\/wp\/v2\/media\/4367"}],"wp:attachment":[{"href":"https:\/\/coronelxavierchaves.mg.gov.br\/prefeitura\/wp-json\/wp\/v2\/media?parent=20125"}],"wp:term":[{"taxonomy":"category","embeddable":true,"href":"https:\/\/coronelxavierchaves.mg.gov.br\/prefeitura\/wp-json\/wp\/v2\/categories?post=20125"},{"taxonomy":"post_tag","embeddable":true,"href":"https:\/\/coronelxavierchaves.mg.gov.br\/prefeitura\/wp-json\/wp\/v2\/tags?post=20125"}],"curies":[{"name":"wp","href":"https:\/\/api.w.org\/{rel}","templated":true}]}}