{"id":20150,"date":"2024-06-27T08:51:57","date_gmt":"2024-06-27T11:51:57","guid":{"rendered":"https:\/\/coronelxavierchaves.mg.gov.br\/prefeitura\/?p=20150"},"modified":"2024-06-27T08:51:57","modified_gmt":"2024-06-27T11:51:57","slug":"declaracao-de-processo-fracassado-pl-77-2024-contratacao-de-empresa-para-aquisicao-de-eletrodomesticos-e-conjunto-de-mesas-e-cadeiras","status":"publish","type":"post","link":"https:\/\/coronelxavierchaves.mg.gov.br\/prefeitura\/2024\/06\/27\/declaracao-de-processo-fracassado-pl-77-2024-contratacao-de-empresa-para-aquisicao-de-eletrodomesticos-e-conjunto-de-mesas-e-cadeiras\/","title":{"rendered":"Declara\u00e7\u00e3o de Processo Fracassado (PL 77\/2024) &#8211; Contrata\u00e7\u00e3o de empresa para aquisi\u00e7\u00e3o de eletrodom\u00e9sticos e conjunto de mesas e cadeiras&#8230;"},"content":{"rendered":"<blockquote><p>DOWNLOADS<\/p><\/blockquote>\n<ul>\n<li><a href=\"https:\/\/coronelxavierchaves.mg.gov.br\/prefeitura\/wp-content\/uploads\/2024\/06\/DECLARACAO-77-2024.pdf\">DECLARA\u00c7\u00c3O DE PROCESSO FRACASSADO<\/a>, publicado em 27\/06\/2024 \u00e0s 08:52h.<\/li>\n<\/ul>\n<blockquote><p>OBJETO<\/p><\/blockquote>\n<div style=\"text-align: justify;\">CONTRATA\u00c7\u00c3O DE EMPRESA PARA AQUISI\u00c7\u00c3O DE ELETRODOM\u00c9STICOS E CONJUNTO DE MESAS E CADEIRAS CONFORME NECESSIDADE DAS SECRETARIAS DE SA\u00daDE, ASSIST\u00caNCIA SOCIAL E AGRICULTURA E MEIO AMBIENTE DO MUNIC\u00cdPIO DE CORONEL XAVIER CHAVES\/MG.<\/div>\n<div><\/div>\n<div><\/div>\n<div class=\"printshowonly\">\n<p>*<b>PUBLICA\u00c7\u00c3O<\/b><\/p>\n<ul>\n<li>Um destaque desta publica\u00e7\u00e3o foi gerado na p\u00e1gina inicial do site, dispon\u00edvel at\u00e9 que demais publica\u00e7\u00f5es sejam realizadas.<\/li>\n<li>Uma publica\u00e7\u00e3o permanente foi feita na p\u00e1gina de Editais e Licita\u00e7\u00f5es.<\/li>\n<li>Link para acesso:\u00a0http:\/\/coronelxavierchaves.mg.gov.br\/prefeitura\/wp-json\/wp\/v2\/posts\/20150<\/li>\n<\/ul>\n<\/div>\n","protected":false},"excerpt":{"rendered":"<p>DOWNLOADS DECLARA\u00c7\u00c3O DE PROCESSO FRACASSADO, publicado em 27\/06\/2024 \u00e0s 08:52h. OBJETO CONTRATA\u00c7\u00c3O DE EMPRESA PARA AQUISI\u00c7\u00c3O DE ELETRODOM\u00c9STICOS E CONJUNTO DE MESAS E CADEIRAS CONFORME NECESSIDADE DAS SECRETARIAS DE SA\u00daDE, ASSIST\u00caNCIA SOCIAL E AGRICULTURA E MEIO AMBIENTE DO MUNIC\u00cdPIO DE CORONEL XAVIER CHAVES\/MG. *PUBLICA\u00c7\u00c3O Um destaque desta publica\u00e7\u00e3o foi gerado na p\u00e1gina inicial do site, [&hellip;]<\/p>\n","protected":false},"author":3,"featured_media":4367,"comment_status":"open","ping_status":"open","sticky":false,"template":"","format":"standard","meta":{"footnotes":"","_links_to":"","_links_to_target":""},"categories":[119],"tags":[],"class_list":{"0":"post-20150","1":"post","2":"type-post","3":"status-publish","4":"format-standard","5":"has-post-thumbnail","7":"category-contratos-aditivos-atas-e-outros-2024"},"_links":{"self":[{"href":"https:\/\/coronelxavierchaves.mg.gov.br\/prefeitura\/wp-json\/wp\/v2\/posts\/20150","targetHints":{"allow":["GET"]}}],"collection":[{"href":"https:\/\/coronelxavierchaves.mg.gov.br\/prefeitura\/wp-json\/wp\/v2\/posts"}],"about":[{"href":"https:\/\/coronelxavierchaves.mg.gov.br\/prefeitura\/wp-json\/wp\/v2\/types\/post"}],"author":[{"embeddable":true,"href":"https:\/\/coronelxavierchaves.mg.gov.br\/prefeitura\/wp-json\/wp\/v2\/users\/3"}],"replies":[{"embeddable":true,"href":"https:\/\/coronelxavierchaves.mg.gov.br\/prefeitura\/wp-json\/wp\/v2\/comments?post=20150"}],"version-history":[{"count":1,"href":"https:\/\/coronelxavierchaves.mg.gov.br\/prefeitura\/wp-json\/wp\/v2\/posts\/20150\/revisions"}],"predecessor-version":[{"id":20152,"href":"https:\/\/coronelxavierchaves.mg.gov.br\/prefeitura\/wp-json\/wp\/v2\/posts\/20150\/revisions\/20152"}],"wp:featuredmedia":[{"embeddable":true,"href":"https:\/\/coronelxavierchaves.mg.gov.br\/prefeitura\/wp-json\/wp\/v2\/media\/4367"}],"wp:attachment":[{"href":"https:\/\/coronelxavierchaves.mg.gov.br\/prefeitura\/wp-json\/wp\/v2\/media?parent=20150"}],"wp:term":[{"taxonomy":"category","embeddable":true,"href":"https:\/\/coronelxavierchaves.mg.gov.br\/prefeitura\/wp-json\/wp\/v2\/categories?post=20150"},{"taxonomy":"post_tag","embeddable":true,"href":"https:\/\/coronelxavierchaves.mg.gov.br\/prefeitura\/wp-json\/wp\/v2\/tags?post=20150"}],"curies":[{"name":"wp","href":"https:\/\/api.w.org\/{rel}","templated":true}]}}