{"id":20162,"date":"2024-06-27T09:00:54","date_gmt":"2024-06-27T12:00:54","guid":{"rendered":"https:\/\/coronelxavierchaves.mg.gov.br\/prefeitura\/?p=20162"},"modified":"2024-06-27T09:01:11","modified_gmt":"2024-06-27T12:01:11","slug":"contrato-pl-72-2024-contratacao-de-empresa-para-prestacao-de-servicos-graficos-referente-a-confeccao-de-bones","status":"publish","type":"post","link":"https:\/\/coronelxavierchaves.mg.gov.br\/prefeitura\/2024\/06\/27\/contrato-pl-72-2024-contratacao-de-empresa-para-prestacao-de-servicos-graficos-referente-a-confeccao-de-bones\/","title":{"rendered":"Contrato (PL 72\/2024) &#8211; Contrata\u00e7\u00e3o de empresa para presta\u00e7\u00e3o de servi\u00e7os gr\u00e1ficos referente \u00e0 confec\u00e7\u00e3o de bon\u00e9s&#8230;"},"content":{"rendered":"<blockquote><p>DOWNLOADS<\/p><\/blockquote>\n<ul>\n<li><a href=\"https:\/\/coronelxavierchaves.mg.gov.br\/prefeitura\/wp-content\/uploads\/2024\/06\/CONTRATO-JOAQUIM-72-2024.pdf\">CONTRATO<\/a>, publicado em 27\/06\/2024 \u00e0s 09:01h.<\/li>\n<\/ul>\n<blockquote><p>OBJETO<\/p><\/blockquote>\n<div style=\"text-align: justify;\">\n<div style=\"text-align: justify;\"><b><u>CONTRATA\u00c7\u00c3O DE EMPRESA PARA PRESTA\u00c7\u00c3O DE SERVI\u00c7OS GR\u00c1FICOS REFERENTE \u00c0 CONFEC\u00c7\u00c3O DE BON\u00c9S PERSONALIZADOS A SEREM DISTRIBU\u00cdDOS AOS PARTICIPANTES ENVOLVIDOS ATIVAMENTE NA 32\u00aa EXPOSI\u00c7\u00c3O AGROPECU\u00c1RIA E 40\u00ba TORNEIO LEITEIRO E CONCURSO MORFOL\u00d3GICO DE CORONEL XAVIER CHAVES\/MG<\/u><\/b><b>.<\/b><\/div>\n<div>\n<p>&nbsp;<\/p>\n<div>\n<p>*<b>PUBLICA\u00c7\u00c3O<\/b><\/p>\n<ul>\n<li>Um destaque desta publica\u00e7\u00e3o foi gerado na p\u00e1gina inicial do site, dispon\u00edvel at\u00e9 que demais publica\u00e7\u00f5es sejam realizadas.<\/li>\n<li>Uma publica\u00e7\u00e3o permanente foi feita na p\u00e1gina de Editais e Licita\u00e7\u00f5es.<\/li>\n<li>Link para acesso:\u00a0http:\/\/coronelxavierchaves.mg.gov.br\/prefeitura\/wp-json\/wp\/v2\/posts\/20162<\/li>\n<\/ul>\n<\/div>\n<\/div>\n<\/div>\n","protected":false},"excerpt":{"rendered":"<p>DOWNLOADS CONTRATO, publicado em 27\/06\/2024 \u00e0s 09:01h. OBJETO CONTRATA\u00c7\u00c3O DE EMPRESA PARA PRESTA\u00c7\u00c3O DE SERVI\u00c7OS GR\u00c1FICOS REFERENTE \u00c0 CONFEC\u00c7\u00c3O DE BON\u00c9S PERSONALIZADOS A SEREM DISTRIBU\u00cdDOS AOS PARTICIPANTES ENVOLVIDOS ATIVAMENTE NA 32\u00aa EXPOSI\u00c7\u00c3O AGROPECU\u00c1RIA E 40\u00ba TORNEIO LEITEIRO E CONCURSO MORFOL\u00d3GICO DE CORONEL XAVIER CHAVES\/MG. &nbsp; *PUBLICA\u00c7\u00c3O Um destaque desta publica\u00e7\u00e3o foi gerado na p\u00e1gina inicial [&hellip;]<\/p>\n","protected":false},"author":3,"featured_media":4367,"comment_status":"open","ping_status":"open","sticky":false,"template":"","format":"standard","meta":{"footnotes":"","_links_to":"","_links_to_target":""},"categories":[119],"tags":[],"class_list":{"0":"post-20162","1":"post","2":"type-post","3":"status-publish","4":"format-standard","5":"has-post-thumbnail","7":"category-contratos-aditivos-atas-e-outros-2024"},"_links":{"self":[{"href":"https:\/\/coronelxavierchaves.mg.gov.br\/prefeitura\/wp-json\/wp\/v2\/posts\/20162","targetHints":{"allow":["GET"]}}],"collection":[{"href":"https:\/\/coronelxavierchaves.mg.gov.br\/prefeitura\/wp-json\/wp\/v2\/posts"}],"about":[{"href":"https:\/\/coronelxavierchaves.mg.gov.br\/prefeitura\/wp-json\/wp\/v2\/types\/post"}],"author":[{"embeddable":true,"href":"https:\/\/coronelxavierchaves.mg.gov.br\/prefeitura\/wp-json\/wp\/v2\/users\/3"}],"replies":[{"embeddable":true,"href":"https:\/\/coronelxavierchaves.mg.gov.br\/prefeitura\/wp-json\/wp\/v2\/comments?post=20162"}],"version-history":[{"count":1,"href":"https:\/\/coronelxavierchaves.mg.gov.br\/prefeitura\/wp-json\/wp\/v2\/posts\/20162\/revisions"}],"predecessor-version":[{"id":20166,"href":"https:\/\/coronelxavierchaves.mg.gov.br\/prefeitura\/wp-json\/wp\/v2\/posts\/20162\/revisions\/20166"}],"wp:featuredmedia":[{"embeddable":true,"href":"https:\/\/coronelxavierchaves.mg.gov.br\/prefeitura\/wp-json\/wp\/v2\/media\/4367"}],"wp:attachment":[{"href":"https:\/\/coronelxavierchaves.mg.gov.br\/prefeitura\/wp-json\/wp\/v2\/media?parent=20162"}],"wp:term":[{"taxonomy":"category","embeddable":true,"href":"https:\/\/coronelxavierchaves.mg.gov.br\/prefeitura\/wp-json\/wp\/v2\/categories?post=20162"},{"taxonomy":"post_tag","embeddable":true,"href":"https:\/\/coronelxavierchaves.mg.gov.br\/prefeitura\/wp-json\/wp\/v2\/tags?post=20162"}],"curies":[{"name":"wp","href":"https:\/\/api.w.org\/{rel}","templated":true}]}}