{"id":20177,"date":"2024-06-27T10:07:54","date_gmt":"2024-06-27T13:07:54","guid":{"rendered":"https:\/\/coronelxavierchaves.mg.gov.br\/prefeitura\/?p=20177"},"modified":"2024-06-27T10:07:54","modified_gmt":"2024-06-27T13:07:54","slug":"declaracao-de-processo-deserto-pl-84-2024-contratacao-de-empresa-visando-a-aquisicao-de-extintores-de-incendio-e-acessorios-bem-como-servicos-de-recarga-e-locacao","status":"publish","type":"post","link":"https:\/\/coronelxavierchaves.mg.gov.br\/prefeitura\/2024\/06\/27\/declaracao-de-processo-deserto-pl-84-2024-contratacao-de-empresa-visando-a-aquisicao-de-extintores-de-incendio-e-acessorios-bem-como-servicos-de-recarga-e-locacao\/","title":{"rendered":"Declara\u00e7\u00e3o de Processo Deserto (PL 84\/2024) &#8211; Contrata\u00e7\u00e3o de empresa visando a aquisi\u00e7\u00e3o de extintores de inc\u00eandio e acess\u00f3rios, bem como servi\u00e7os de recarga e loca\u00e7\u00e3o"},"content":{"rendered":"<blockquote><p>DOWNLOADS<\/p><\/blockquote>\n<ul>\n<li><a href=\"https:\/\/coronelxavierchaves.mg.gov.br\/prefeitura\/wp-content\/uploads\/2024\/06\/DECLARACAO-84-2024.pdf\">DECLARA\u00c7\u00c3O DE PROCESSO DESERTO<\/a>, publicado em 27\/06\/2024 \u00e0s 10:08h.<\/li>\n<\/ul>\n<blockquote><p>OBJETO<\/p><\/blockquote>\n<div style=\"text-align: justify;\">CONTRATA\u00c7\u00c3O DE EMPRESA VISANDO A AQUISI\u00c7\u00c3O DE EXTINTORES DE INC\u00caNDIO E ACESS\u00d3RIOS, BEM COMO SERVI\u00c7OS DE RECARGA E LOCA\u00c7\u00c3O, PARA ATENDER AS DEMANDAS DO MUNIC\u00cdPIO DE CORONEL XAVIER CHAVES\/MG, CONFORME TERMO DE REFER\u00caNCIA.<\/div>\n<div><\/div>\n<div><\/div>\n<div class=\"printshowonly\">\n<p>*<b>PUBLICA\u00c7\u00c3O<\/b><\/p>\n<ul>\n<li>Um destaque desta publica\u00e7\u00e3o foi gerado na p\u00e1gina inicial do site, dispon\u00edvel at\u00e9 que demais publica\u00e7\u00f5es sejam realizadas.<\/li>\n<li>Uma publica\u00e7\u00e3o permanente foi feita na p\u00e1gina de Editais e Licita\u00e7\u00f5es.<\/li>\n<li>Link para acesso:\u00a0http:\/\/coronelxavierchaves.mg.gov.br\/prefeitura\/wp-json\/wp\/v2\/posts\/20177<\/li>\n<\/ul>\n<\/div>\n","protected":false},"excerpt":{"rendered":"<p>DOWNLOADS DECLARA\u00c7\u00c3O DE PROCESSO DESERTO, publicado em 27\/06\/2024 \u00e0s 10:08h. OBJETO CONTRATA\u00c7\u00c3O DE EMPRESA VISANDO A AQUISI\u00c7\u00c3O DE EXTINTORES DE INC\u00caNDIO E ACESS\u00d3RIOS, BEM COMO SERVI\u00c7OS DE RECARGA E LOCA\u00c7\u00c3O, PARA ATENDER AS DEMANDAS DO MUNIC\u00cdPIO DE CORONEL XAVIER CHAVES\/MG, CONFORME TERMO DE REFER\u00caNCIA. *PUBLICA\u00c7\u00c3O Um destaque desta publica\u00e7\u00e3o foi gerado na p\u00e1gina inicial do [&hellip;]<\/p>\n","protected":false},"author":3,"featured_media":4367,"comment_status":"open","ping_status":"open","sticky":false,"template":"","format":"standard","meta":{"footnotes":"","_links_to":"","_links_to_target":""},"categories":[119],"tags":[],"class_list":{"0":"post-20177","1":"post","2":"type-post","3":"status-publish","4":"format-standard","5":"has-post-thumbnail","7":"category-contratos-aditivos-atas-e-outros-2024"},"_links":{"self":[{"href":"https:\/\/coronelxavierchaves.mg.gov.br\/prefeitura\/wp-json\/wp\/v2\/posts\/20177","targetHints":{"allow":["GET"]}}],"collection":[{"href":"https:\/\/coronelxavierchaves.mg.gov.br\/prefeitura\/wp-json\/wp\/v2\/posts"}],"about":[{"href":"https:\/\/coronelxavierchaves.mg.gov.br\/prefeitura\/wp-json\/wp\/v2\/types\/post"}],"author":[{"embeddable":true,"href":"https:\/\/coronelxavierchaves.mg.gov.br\/prefeitura\/wp-json\/wp\/v2\/users\/3"}],"replies":[{"embeddable":true,"href":"https:\/\/coronelxavierchaves.mg.gov.br\/prefeitura\/wp-json\/wp\/v2\/comments?post=20177"}],"version-history":[{"count":1,"href":"https:\/\/coronelxavierchaves.mg.gov.br\/prefeitura\/wp-json\/wp\/v2\/posts\/20177\/revisions"}],"predecessor-version":[{"id":20179,"href":"https:\/\/coronelxavierchaves.mg.gov.br\/prefeitura\/wp-json\/wp\/v2\/posts\/20177\/revisions\/20179"}],"wp:featuredmedia":[{"embeddable":true,"href":"https:\/\/coronelxavierchaves.mg.gov.br\/prefeitura\/wp-json\/wp\/v2\/media\/4367"}],"wp:attachment":[{"href":"https:\/\/coronelxavierchaves.mg.gov.br\/prefeitura\/wp-json\/wp\/v2\/media?parent=20177"}],"wp:term":[{"taxonomy":"category","embeddable":true,"href":"https:\/\/coronelxavierchaves.mg.gov.br\/prefeitura\/wp-json\/wp\/v2\/categories?post=20177"},{"taxonomy":"post_tag","embeddable":true,"href":"https:\/\/coronelxavierchaves.mg.gov.br\/prefeitura\/wp-json\/wp\/v2\/tags?post=20177"}],"curies":[{"name":"wp","href":"https:\/\/api.w.org\/{rel}","templated":true}]}}