{"id":20460,"date":"2024-07-23T10:50:44","date_gmt":"2024-07-23T13:50:44","guid":{"rendered":"https:\/\/coronelxavierchaves.mg.gov.br\/prefeitura\/?p=20460"},"modified":"2024-07-23T10:50:44","modified_gmt":"2024-07-23T13:50:44","slug":"contratos-pl-82-2024-contratacao-de-empresa-para-aquisicao-de-equipamentos-permanentes-a-serem-utilizados-no-centro-de-saude-geraldo-de-souza","status":"publish","type":"post","link":"https:\/\/coronelxavierchaves.mg.gov.br\/prefeitura\/2024\/07\/23\/contratos-pl-82-2024-contratacao-de-empresa-para-aquisicao-de-equipamentos-permanentes-a-serem-utilizados-no-centro-de-saude-geraldo-de-souza\/","title":{"rendered":"Contratos (PL 82\/2024) &#8211; Contrata\u00e7\u00e3o de empresa para aquisi\u00e7\u00e3o de equipamentos permanentes a serem utilizados no centro de sa\u00fade \u201cGeraldo de Souza\u201d"},"content":{"rendered":"<blockquote><p>DOWNLOADS<\/p><\/blockquote>\n<ul>\n<li><a href=\"https:\/\/coronelxavierchaves.mg.gov.br\/prefeitura\/wp-content\/uploads\/2024\/07\/CONTRATO-LM-82-2024.pdf\">CONTRATO: LM<\/a>, publicado em 23\/07\/2024 \u00e0s 10:51h.<\/li>\n<li><a href=\"https:\/\/coronelxavierchaves.mg.gov.br\/prefeitura\/wp-content\/uploads\/2024\/07\/CONTRATO-MKR-82-2024.pdf\">CONTRATO: MKR<\/a>, publicado em 23\/07\/2024 \u00e0s 10:51h.<\/li>\n<\/ul>\n<p>&nbsp;<\/p>\n<blockquote><p>OBJETO<\/p><\/blockquote>\n<div style=\"text-align: justify;\">\n<div style=\"text-align: justify;\"><b>CONTRATA\u00c7\u00c3O DE EMPRESA PARA AQUISI\u00c7\u00c3O DE EQUIPAMENTOS PERMANENTES A SEREM UTILIZADOS NO CENTRO DE SA\u00daDE \u201cGERALDO DE SOUZA\u201d CONFORME NECESSIDADE DA SECRETARIA MUNICIPAL DE SA\u00daDE<\/b><strong>.<\/strong><\/div>\n<\/div>\n<p>&nbsp;<\/p>\n<div class=\"printshowonly\">\n<p>*<b>PUBLICA\u00c7\u00c3O<\/b><\/p>\n<ul>\n<li>Um destaque desta publica\u00e7\u00e3o foi gerado na p\u00e1gina inicial do site, dispon\u00edvel at\u00e9 que demais publica\u00e7\u00f5es sejam realizadas.<\/li>\n<li>Uma publica\u00e7\u00e3o permanente foi feita na p\u00e1gina de Editais e Licita\u00e7\u00f5es.<\/li>\n<li>Link para acesso:\u00a0http:\/\/coronelxavierchaves.mg.gov.br\/prefeitura\/wp-json\/wp\/v2\/posts\/20460<\/li>\n<\/ul>\n<\/div>\n","protected":false},"excerpt":{"rendered":"<p>DOWNLOADS CONTRATO: LM, publicado em 23\/07\/2024 \u00e0s 10:51h. CONTRATO: MKR, publicado em 23\/07\/2024 \u00e0s 10:51h. &nbsp; OBJETO CONTRATA\u00c7\u00c3O DE EMPRESA PARA AQUISI\u00c7\u00c3O DE EQUIPAMENTOS PERMANENTES A SEREM UTILIZADOS NO CENTRO DE SA\u00daDE \u201cGERALDO DE SOUZA\u201d CONFORME NECESSIDADE DA SECRETARIA MUNICIPAL DE SA\u00daDE. &nbsp; *PUBLICA\u00c7\u00c3O Um destaque desta publica\u00e7\u00e3o foi gerado na p\u00e1gina inicial do site, [&hellip;]<\/p>\n","protected":false},"author":3,"featured_media":4367,"comment_status":"open","ping_status":"open","sticky":false,"template":"","format":"standard","meta":{"footnotes":"","_links_to":"","_links_to_target":""},"categories":[119],"tags":[],"class_list":{"0":"post-20460","1":"post","2":"type-post","3":"status-publish","4":"format-standard","5":"has-post-thumbnail","7":"category-contratos-aditivos-atas-e-outros-2024"},"_links":{"self":[{"href":"https:\/\/coronelxavierchaves.mg.gov.br\/prefeitura\/wp-json\/wp\/v2\/posts\/20460","targetHints":{"allow":["GET"]}}],"collection":[{"href":"https:\/\/coronelxavierchaves.mg.gov.br\/prefeitura\/wp-json\/wp\/v2\/posts"}],"about":[{"href":"https:\/\/coronelxavierchaves.mg.gov.br\/prefeitura\/wp-json\/wp\/v2\/types\/post"}],"author":[{"embeddable":true,"href":"https:\/\/coronelxavierchaves.mg.gov.br\/prefeitura\/wp-json\/wp\/v2\/users\/3"}],"replies":[{"embeddable":true,"href":"https:\/\/coronelxavierchaves.mg.gov.br\/prefeitura\/wp-json\/wp\/v2\/comments?post=20460"}],"version-history":[{"count":1,"href":"https:\/\/coronelxavierchaves.mg.gov.br\/prefeitura\/wp-json\/wp\/v2\/posts\/20460\/revisions"}],"predecessor-version":[{"id":20464,"href":"https:\/\/coronelxavierchaves.mg.gov.br\/prefeitura\/wp-json\/wp\/v2\/posts\/20460\/revisions\/20464"}],"wp:featuredmedia":[{"embeddable":true,"href":"https:\/\/coronelxavierchaves.mg.gov.br\/prefeitura\/wp-json\/wp\/v2\/media\/4367"}],"wp:attachment":[{"href":"https:\/\/coronelxavierchaves.mg.gov.br\/prefeitura\/wp-json\/wp\/v2\/media?parent=20460"}],"wp:term":[{"taxonomy":"category","embeddable":true,"href":"https:\/\/coronelxavierchaves.mg.gov.br\/prefeitura\/wp-json\/wp\/v2\/categories?post=20460"},{"taxonomy":"post_tag","embeddable":true,"href":"https:\/\/coronelxavierchaves.mg.gov.br\/prefeitura\/wp-json\/wp\/v2\/tags?post=20460"}],"curies":[{"name":"wp","href":"https:\/\/api.w.org\/{rel}","templated":true}]}}