{"id":20484,"date":"2024-07-23T11:08:49","date_gmt":"2024-07-23T14:08:49","guid":{"rendered":"https:\/\/coronelxavierchaves.mg.gov.br\/prefeitura\/?p=20484"},"modified":"2024-07-23T11:08:49","modified_gmt":"2024-07-23T14:08:49","slug":"6o-termo-aditivo-pl-25-2022-contratacao-de-empresa-especializada-para-realizar-pavimentacao-asfaltica","status":"publish","type":"post","link":"https:\/\/coronelxavierchaves.mg.gov.br\/prefeitura\/2024\/07\/23\/6o-termo-aditivo-pl-25-2022-contratacao-de-empresa-especializada-para-realizar-pavimentacao-asfaltica\/","title":{"rendered":"6\u00ba Termo Aditivo (PL 25\/2022) Contrata\u00e7\u00e3o de empresa especializada para realizar pavimenta\u00e7\u00e3o asf\u00e1ltica&#8230;"},"content":{"rendered":"<blockquote><p>DOWNLOADS<\/p><\/blockquote>\n<ul>\n<li><a href=\"https:\/\/coronelxavierchaves.mg.gov.br\/prefeitura\/wp-content\/uploads\/2024\/07\/6o-TERMO-ADITIVO-LOREDO-25-2022.pdf\">6\u00ba TERMO ADITIVO<\/a>, publicado em 23\/07\/2024 \u00e0s 11:09h.<\/li>\n<\/ul>\n<p>&nbsp;<\/p>\n<blockquote><p>OBJETO<\/p><\/blockquote>\n<p style=\"text-align: justify;\"><b><u>CONTRATA\u00c7\u00c3O DE EMPRESA ESPECIALIZADA PARA REALIZAR PAVIMENTA\u00c7\u00c3O ASF\u00c1LTICA DA ESTRADA DE LIGA\u00c7\u00c3O ENTRE OS MUNIC\u00cdPIOS DE CORONEL XAVIER CHAVES E RESENDE COSTA.<\/u><\/b><\/p>\n<p>&nbsp;<\/p>\n<div class=\"printshowonly\">\n<p>*<b>PUBLICA\u00c7\u00c3O<\/b><\/p>\n<ul>\n<li>Um destaque desta publica\u00e7\u00e3o foi gerado na p\u00e1gina inicial do site, dispon\u00edvel at\u00e9 que demais publica\u00e7\u00f5es sejam realizadas.<\/li>\n<li>Uma publica\u00e7\u00e3o permanente foi feita na p\u00e1gina de Editais e Licita\u00e7\u00f5es.<\/li>\n<li>Link para acesso:\u00a0http:\/\/coronelxavierchaves.mg.gov.br\/prefeitura\/wp-json\/wp\/v2\/posts\/20484<\/li>\n<\/ul>\n<\/div>\n","protected":false},"excerpt":{"rendered":"<p>DOWNLOADS 6\u00ba TERMO ADITIVO, publicado em 23\/07\/2024 \u00e0s 11:09h. &nbsp; OBJETO CONTRATA\u00c7\u00c3O DE EMPRESA ESPECIALIZADA PARA REALIZAR PAVIMENTA\u00c7\u00c3O ASF\u00c1LTICA DA ESTRADA DE LIGA\u00c7\u00c3O ENTRE OS MUNIC\u00cdPIOS DE CORONEL XAVIER CHAVES E RESENDE COSTA. &nbsp; *PUBLICA\u00c7\u00c3O Um destaque desta publica\u00e7\u00e3o foi gerado na p\u00e1gina inicial do site, dispon\u00edvel at\u00e9 que demais publica\u00e7\u00f5es sejam realizadas. Uma publica\u00e7\u00e3o [&hellip;]<\/p>\n","protected":false},"author":3,"featured_media":4367,"comment_status":"open","ping_status":"open","sticky":false,"template":"","format":"standard","meta":{"footnotes":"","_links_to":"","_links_to_target":""},"categories":[119],"tags":[],"class_list":{"0":"post-20484","1":"post","2":"type-post","3":"status-publish","4":"format-standard","5":"has-post-thumbnail","7":"category-contratos-aditivos-atas-e-outros-2024"},"_links":{"self":[{"href":"https:\/\/coronelxavierchaves.mg.gov.br\/prefeitura\/wp-json\/wp\/v2\/posts\/20484","targetHints":{"allow":["GET"]}}],"collection":[{"href":"https:\/\/coronelxavierchaves.mg.gov.br\/prefeitura\/wp-json\/wp\/v2\/posts"}],"about":[{"href":"https:\/\/coronelxavierchaves.mg.gov.br\/prefeitura\/wp-json\/wp\/v2\/types\/post"}],"author":[{"embeddable":true,"href":"https:\/\/coronelxavierchaves.mg.gov.br\/prefeitura\/wp-json\/wp\/v2\/users\/3"}],"replies":[{"embeddable":true,"href":"https:\/\/coronelxavierchaves.mg.gov.br\/prefeitura\/wp-json\/wp\/v2\/comments?post=20484"}],"version-history":[{"count":1,"href":"https:\/\/coronelxavierchaves.mg.gov.br\/prefeitura\/wp-json\/wp\/v2\/posts\/20484\/revisions"}],"predecessor-version":[{"id":20486,"href":"https:\/\/coronelxavierchaves.mg.gov.br\/prefeitura\/wp-json\/wp\/v2\/posts\/20484\/revisions\/20486"}],"wp:featuredmedia":[{"embeddable":true,"href":"https:\/\/coronelxavierchaves.mg.gov.br\/prefeitura\/wp-json\/wp\/v2\/media\/4367"}],"wp:attachment":[{"href":"https:\/\/coronelxavierchaves.mg.gov.br\/prefeitura\/wp-json\/wp\/v2\/media?parent=20484"}],"wp:term":[{"taxonomy":"category","embeddable":true,"href":"https:\/\/coronelxavierchaves.mg.gov.br\/prefeitura\/wp-json\/wp\/v2\/categories?post=20484"},{"taxonomy":"post_tag","embeddable":true,"href":"https:\/\/coronelxavierchaves.mg.gov.br\/prefeitura\/wp-json\/wp\/v2\/tags?post=20484"}],"curies":[{"name":"wp","href":"https:\/\/api.w.org\/{rel}","templated":true}]}}