{"id":20505,"date":"2024-07-23T11:22:48","date_gmt":"2024-07-23T14:22:48","guid":{"rendered":"https:\/\/coronelxavierchaves.mg.gov.br\/prefeitura\/?p=20505"},"modified":"2024-07-23T11:22:48","modified_gmt":"2024-07-23T14:22:48","slug":"ordem-de-servico-pl-53-2024-contratacao-de-empresa-especializada-para-reforma-do-salao-social-localizado-no-parque-de-exposicoes-municipal-joao-batista-assuncao","status":"publish","type":"post","link":"https:\/\/coronelxavierchaves.mg.gov.br\/prefeitura\/2024\/07\/23\/ordem-de-servico-pl-53-2024-contratacao-de-empresa-especializada-para-reforma-do-salao-social-localizado-no-parque-de-exposicoes-municipal-joao-batista-assuncao\/","title":{"rendered":"Ordem de Servi\u00e7o (PL 53\/2024) &#8211; Contrata\u00e7\u00e3o De Empresa Especializada Para Reforma Do Sal\u00e3o Social, Localizado No Parque De Exposi\u00e7\u00f5es Municipal Jo\u00e3o Batista Assun\u00e7\u00e3o&#8230;"},"content":{"rendered":"<blockquote><p>DOWNLOADS<\/p><\/blockquote>\n<ul>\n<li><a href=\"https:\/\/coronelxavierchaves.mg.gov.br\/prefeitura\/wp-content\/uploads\/2024\/07\/ORDEM-DE-SERVICO-RECURSO-PROPRIO_Assinado-53-2024.pdf\">ORDEM DE SERVI\u00c7O<\/a>, publicado em 23\/07\/2024 \u00e0s 11:23h.<\/li>\n<\/ul>\n<blockquote><p>OBJETO<\/p><\/blockquote>\n<div style=\"text-align: justify;\">\n<div style=\"text-align: justify;\">\n<p><b>CONTRATA\u00c7\u00c3O DE EMPRESA ESPECIALIZADA PARA REFORMA DO SAL\u00c3O SOCIAL, LOCALIZADO NO PARQUE DE EXPOSI\u00c7\u00d5ES MUNICIPAL JO\u00c3O BATISTA ASSUN\u00c7\u00c3O EM CORONEL XAVIER CHAVES\/MG.<\/b><\/p>\n<\/div>\n<div>\n<p>&nbsp;<\/p>\n<div>\n<p>*<b>PUBLICA\u00c7\u00c3O<\/b><\/p>\n<ul>\n<li>Um destaque desta publica\u00e7\u00e3o foi gerado na p\u00e1gina inicial do site, dispon\u00edvel at\u00e9 que demais publica\u00e7\u00f5es sejam realizadas.<\/li>\n<li>Uma publica\u00e7\u00e3o permanente foi feita na p\u00e1gina de Editais e Licita\u00e7\u00f5es.<\/li>\n<li>Link para acesso:\u00a0http:\/\/coronelxavierchaves.mg.gov.br\/prefeitura\/wp-json\/wp\/v2\/posts\/20505<\/li>\n<\/ul>\n<\/div>\n<\/div>\n<\/div>\n","protected":false},"excerpt":{"rendered":"<p>DOWNLOADS ORDEM DE SERVI\u00c7O, publicado em 23\/07\/2024 \u00e0s 11:23h. OBJETO CONTRATA\u00c7\u00c3O DE EMPRESA ESPECIALIZADA PARA REFORMA DO SAL\u00c3O SOCIAL, LOCALIZADO NO PARQUE DE EXPOSI\u00c7\u00d5ES MUNICIPAL JO\u00c3O BATISTA ASSUN\u00c7\u00c3O EM CORONEL XAVIER CHAVES\/MG. &nbsp; *PUBLICA\u00c7\u00c3O Um destaque desta publica\u00e7\u00e3o foi gerado na p\u00e1gina inicial do site, dispon\u00edvel at\u00e9 que demais publica\u00e7\u00f5es sejam realizadas. Uma publica\u00e7\u00e3o permanente [&hellip;]<\/p>\n","protected":false},"author":3,"featured_media":4367,"comment_status":"open","ping_status":"open","sticky":false,"template":"","format":"standard","meta":{"footnotes":"","_links_to":"","_links_to_target":""},"categories":[119],"tags":[],"class_list":{"0":"post-20505","1":"post","2":"type-post","3":"status-publish","4":"format-standard","5":"has-post-thumbnail","7":"category-contratos-aditivos-atas-e-outros-2024"},"_links":{"self":[{"href":"https:\/\/coronelxavierchaves.mg.gov.br\/prefeitura\/wp-json\/wp\/v2\/posts\/20505","targetHints":{"allow":["GET"]}}],"collection":[{"href":"https:\/\/coronelxavierchaves.mg.gov.br\/prefeitura\/wp-json\/wp\/v2\/posts"}],"about":[{"href":"https:\/\/coronelxavierchaves.mg.gov.br\/prefeitura\/wp-json\/wp\/v2\/types\/post"}],"author":[{"embeddable":true,"href":"https:\/\/coronelxavierchaves.mg.gov.br\/prefeitura\/wp-json\/wp\/v2\/users\/3"}],"replies":[{"embeddable":true,"href":"https:\/\/coronelxavierchaves.mg.gov.br\/prefeitura\/wp-json\/wp\/v2\/comments?post=20505"}],"version-history":[{"count":1,"href":"https:\/\/coronelxavierchaves.mg.gov.br\/prefeitura\/wp-json\/wp\/v2\/posts\/20505\/revisions"}],"predecessor-version":[{"id":20507,"href":"https:\/\/coronelxavierchaves.mg.gov.br\/prefeitura\/wp-json\/wp\/v2\/posts\/20505\/revisions\/20507"}],"wp:featuredmedia":[{"embeddable":true,"href":"https:\/\/coronelxavierchaves.mg.gov.br\/prefeitura\/wp-json\/wp\/v2\/media\/4367"}],"wp:attachment":[{"href":"https:\/\/coronelxavierchaves.mg.gov.br\/prefeitura\/wp-json\/wp\/v2\/media?parent=20505"}],"wp:term":[{"taxonomy":"category","embeddable":true,"href":"https:\/\/coronelxavierchaves.mg.gov.br\/prefeitura\/wp-json\/wp\/v2\/categories?post=20505"},{"taxonomy":"post_tag","embeddable":true,"href":"https:\/\/coronelxavierchaves.mg.gov.br\/prefeitura\/wp-json\/wp\/v2\/tags?post=20505"}],"curies":[{"name":"wp","href":"https:\/\/api.w.org\/{rel}","templated":true}]}}