{"id":20553,"date":"2024-07-24T15:13:00","date_gmt":"2024-07-24T18:13:00","guid":{"rendered":"https:\/\/coronelxavierchaves.mg.gov.br\/prefeitura\/?p=20553"},"modified":"2024-07-24T15:13:00","modified_gmt":"2024-07-24T18:13:00","slug":"autorizacao-pl-102-2024-contratacao-do-sebrae-mg-para-a-realizacao-de-mapeamento-estudo-da-viabilidade-turistica-e-economica-e-formatacao-de-rota-de-cicloturismo","status":"publish","type":"post","link":"https:\/\/coronelxavierchaves.mg.gov.br\/prefeitura\/2024\/07\/24\/autorizacao-pl-102-2024-contratacao-do-sebrae-mg-para-a-realizacao-de-mapeamento-estudo-da-viabilidade-turistica-e-economica-e-formatacao-de-rota-de-cicloturismo\/","title":{"rendered":"Autoriza\u00e7\u00e3o (PL 102\/2024) &#8211; Contrata\u00e7\u00e3o do Sebrae\/MG para a realiza\u00e7\u00e3o de mapeamento, estudo da viabilidade tur\u00edstica e econ\u00f4mica e formata\u00e7\u00e3o de rota de cicloturismo&#8230;"},"content":{"rendered":"<blockquote><p>DOWNLOADS<\/p><\/blockquote>\n<ul>\n<li><a href=\"https:\/\/coronelxavierchaves.mg.gov.br\/prefeitura\/wp-content\/uploads\/2024\/07\/AUTORIZACAO-102-2024.pdf\">AUTORIZA\u00c7\u00c3O<\/a>, publicado em 24\/07\/2024 \u00e0s 15:13h.<\/li>\n<\/ul>\n<blockquote><p>OBJETO<\/p><\/blockquote>\n<div style=\"text-align: justify;\">\n<div style=\"text-align: justify;\"><b>CONTRATA\u00c7\u00c3O DO SEBRAE\/MG PARA A REALIZA\u00c7\u00c3O DE MAPEAMENTO, ESTUDO DA VIABILIDADE TUR\u00cdSTICA E ECON\u00d4MICA E FORMATA\u00c7\u00c3O DE ROTA DE CICLOTURISMO (ROTA DAS CAPELAS \u2013 NOME PROVIS\u00d3RIO) ENTRE CORONEL XAVIER CHAVES, RESENDE COSTA E POVOADO DOS PINTOS.<\/b><\/div>\n<div>\n<p>&nbsp;<\/p>\n<div>\n<p>*<b>PUBLICA\u00c7\u00c3O<\/b><\/p>\n<ul>\n<li>Um destaque desta publica\u00e7\u00e3o foi gerado na p\u00e1gina inicial do site, dispon\u00edvel at\u00e9 que demais publica\u00e7\u00f5es sejam realizadas.<\/li>\n<li>Uma publica\u00e7\u00e3o permanente foi feita na p\u00e1gina de Editais e Licita\u00e7\u00f5es.<\/li>\n<li>Link para acesso:\u00a0http:\/\/coronelxavierchaves.mg.gov.br\/prefeitura\/wp-json\/wp\/v2\/posts\/20553<\/li>\n<\/ul>\n<\/div>\n<\/div>\n<\/div>\n","protected":false},"excerpt":{"rendered":"<p>DOWNLOADS AUTORIZA\u00c7\u00c3O, publicado em 24\/07\/2024 \u00e0s 15:13h. OBJETO CONTRATA\u00c7\u00c3O DO SEBRAE\/MG PARA A REALIZA\u00c7\u00c3O DE MAPEAMENTO, ESTUDO DA VIABILIDADE TUR\u00cdSTICA E ECON\u00d4MICA E FORMATA\u00c7\u00c3O DE ROTA DE CICLOTURISMO (ROTA DAS CAPELAS \u2013 NOME PROVIS\u00d3RIO) ENTRE CORONEL XAVIER CHAVES, RESENDE COSTA E POVOADO DOS PINTOS. &nbsp; *PUBLICA\u00c7\u00c3O Um destaque desta publica\u00e7\u00e3o foi gerado na p\u00e1gina inicial [&hellip;]<\/p>\n","protected":false},"author":3,"featured_media":4367,"comment_status":"open","ping_status":"open","sticky":false,"template":"","format":"standard","meta":{"footnotes":"","_links_to":"","_links_to_target":""},"categories":[119],"tags":[],"class_list":{"0":"post-20553","1":"post","2":"type-post","3":"status-publish","4":"format-standard","5":"has-post-thumbnail","7":"category-contratos-aditivos-atas-e-outros-2024"},"_links":{"self":[{"href":"https:\/\/coronelxavierchaves.mg.gov.br\/prefeitura\/wp-json\/wp\/v2\/posts\/20553","targetHints":{"allow":["GET"]}}],"collection":[{"href":"https:\/\/coronelxavierchaves.mg.gov.br\/prefeitura\/wp-json\/wp\/v2\/posts"}],"about":[{"href":"https:\/\/coronelxavierchaves.mg.gov.br\/prefeitura\/wp-json\/wp\/v2\/types\/post"}],"author":[{"embeddable":true,"href":"https:\/\/coronelxavierchaves.mg.gov.br\/prefeitura\/wp-json\/wp\/v2\/users\/3"}],"replies":[{"embeddable":true,"href":"https:\/\/coronelxavierchaves.mg.gov.br\/prefeitura\/wp-json\/wp\/v2\/comments?post=20553"}],"version-history":[{"count":1,"href":"https:\/\/coronelxavierchaves.mg.gov.br\/prefeitura\/wp-json\/wp\/v2\/posts\/20553\/revisions"}],"predecessor-version":[{"id":20555,"href":"https:\/\/coronelxavierchaves.mg.gov.br\/prefeitura\/wp-json\/wp\/v2\/posts\/20553\/revisions\/20555"}],"wp:featuredmedia":[{"embeddable":true,"href":"https:\/\/coronelxavierchaves.mg.gov.br\/prefeitura\/wp-json\/wp\/v2\/media\/4367"}],"wp:attachment":[{"href":"https:\/\/coronelxavierchaves.mg.gov.br\/prefeitura\/wp-json\/wp\/v2\/media?parent=20553"}],"wp:term":[{"taxonomy":"category","embeddable":true,"href":"https:\/\/coronelxavierchaves.mg.gov.br\/prefeitura\/wp-json\/wp\/v2\/categories?post=20553"},{"taxonomy":"post_tag","embeddable":true,"href":"https:\/\/coronelxavierchaves.mg.gov.br\/prefeitura\/wp-json\/wp\/v2\/tags?post=20553"}],"curies":[{"name":"wp","href":"https:\/\/api.w.org\/{rel}","templated":true}]}}