{"id":20630,"date":"2024-07-30T09:47:46","date_gmt":"2024-07-30T12:47:46","guid":{"rendered":"https:\/\/coronelxavierchaves.mg.gov.br\/prefeitura\/?p=20630"},"modified":"2024-07-30T09:47:46","modified_gmt":"2024-07-30T12:47:46","slug":"declaracao-de-processo-deserto-pl-100-2024-contratacao-de-empresa-especializada-para-a-prestacao-de-servicos-de-dedetizacao-e-desinsetizacao","status":"publish","type":"post","link":"https:\/\/coronelxavierchaves.mg.gov.br\/prefeitura\/2024\/07\/30\/declaracao-de-processo-deserto-pl-100-2024-contratacao-de-empresa-especializada-para-a-prestacao-de-servicos-de-dedetizacao-e-desinsetizacao\/","title":{"rendered":"Declara\u00e7\u00e3o de Processo Deserto (PL 100\/2024) &#8211; Contrata\u00e7\u00e3o de empresa especializada para a presta\u00e7\u00e3o de servi\u00e7os de dedetiza\u00e7\u00e3o e desinsetiza\u00e7\u00e3o&#8230;"},"content":{"rendered":"<blockquote><p>DOWNLOADS<\/p><\/blockquote>\n<ul>\n<li><a href=\"https:\/\/coronelxavierchaves.mg.gov.br\/prefeitura\/wp-content\/uploads\/2024\/07\/DECLARACAO-100-2024.pdf\">DECLARA\u00c7\u00c3O DE PROCESSO DESERTO<\/a>, publicado em 30\/07\/2024 \u00e0s 09:48h.<\/li>\n<\/ul>\n<blockquote><p>OBJETO<\/p><\/blockquote>\n<div style=\"text-align: justify;\">CONTRATA\u00c7\u00c3O DE EMPRESA ESPECIALIZADA PARA A PRESTA\u00c7\u00c3O DE SERVI\u00c7OS DE DEDETIZA\u00c7\u00c3O E DESINSETIZA\u00c7\u00c3O, COM O FORNECIMENTO DE M\u00c3O DE OBRA E TODOS OS INSUMOS NECESS\u00c1RIOS \u00c0 EXECU\u00c7\u00c3O DO SERVI\u00c7O, EM TODAS AS \u00c1REA INTERNAS E EXTERNAS DA ESCOLA MUNICIPAL \u201cSEBASTI\u00c3O PATR\u00cdCIO PINTO\u201d.<\/div>\n<div><\/div>\n<div><\/div>\n<div class=\"printshowonly\">\n<p>*<b>PUBLICA\u00c7\u00c3O<\/b><\/p>\n<ul>\n<li>Um destaque desta publica\u00e7\u00e3o foi gerado na p\u00e1gina inicial do site, dispon\u00edvel at\u00e9 que demais publica\u00e7\u00f5es sejam realizadas.<\/li>\n<li>Uma publica\u00e7\u00e3o permanente foi feita na p\u00e1gina de Editais e Licita\u00e7\u00f5es.<\/li>\n<li>Link para acesso:\u00a0http:\/\/coronelxavierchaves.mg.gov.br\/prefeitura\/wp-json\/wp\/v2\/posts\/20630<\/li>\n<\/ul>\n<\/div>\n","protected":false},"excerpt":{"rendered":"<p>DOWNLOADS DECLARA\u00c7\u00c3O DE PROCESSO DESERTO, publicado em 30\/07\/2024 \u00e0s 09:48h. OBJETO CONTRATA\u00c7\u00c3O DE EMPRESA ESPECIALIZADA PARA A PRESTA\u00c7\u00c3O DE SERVI\u00c7OS DE DEDETIZA\u00c7\u00c3O E DESINSETIZA\u00c7\u00c3O, COM O FORNECIMENTO DE M\u00c3O DE OBRA E TODOS OS INSUMOS NECESS\u00c1RIOS \u00c0 EXECU\u00c7\u00c3O DO SERVI\u00c7O, EM TODAS AS \u00c1REA INTERNAS E EXTERNAS DA ESCOLA MUNICIPAL \u201cSEBASTI\u00c3O PATR\u00cdCIO PINTO\u201d. *PUBLICA\u00c7\u00c3O Um [&hellip;]<\/p>\n","protected":false},"author":3,"featured_media":4367,"comment_status":"open","ping_status":"open","sticky":false,"template":"","format":"standard","meta":{"footnotes":"","_links_to":"","_links_to_target":""},"categories":[119],"tags":[],"class_list":{"0":"post-20630","1":"post","2":"type-post","3":"status-publish","4":"format-standard","5":"has-post-thumbnail","7":"category-contratos-aditivos-atas-e-outros-2024"},"_links":{"self":[{"href":"https:\/\/coronelxavierchaves.mg.gov.br\/prefeitura\/wp-json\/wp\/v2\/posts\/20630","targetHints":{"allow":["GET"]}}],"collection":[{"href":"https:\/\/coronelxavierchaves.mg.gov.br\/prefeitura\/wp-json\/wp\/v2\/posts"}],"about":[{"href":"https:\/\/coronelxavierchaves.mg.gov.br\/prefeitura\/wp-json\/wp\/v2\/types\/post"}],"author":[{"embeddable":true,"href":"https:\/\/coronelxavierchaves.mg.gov.br\/prefeitura\/wp-json\/wp\/v2\/users\/3"}],"replies":[{"embeddable":true,"href":"https:\/\/coronelxavierchaves.mg.gov.br\/prefeitura\/wp-json\/wp\/v2\/comments?post=20630"}],"version-history":[{"count":1,"href":"https:\/\/coronelxavierchaves.mg.gov.br\/prefeitura\/wp-json\/wp\/v2\/posts\/20630\/revisions"}],"predecessor-version":[{"id":20633,"href":"https:\/\/coronelxavierchaves.mg.gov.br\/prefeitura\/wp-json\/wp\/v2\/posts\/20630\/revisions\/20633"}],"wp:featuredmedia":[{"embeddable":true,"href":"https:\/\/coronelxavierchaves.mg.gov.br\/prefeitura\/wp-json\/wp\/v2\/media\/4367"}],"wp:attachment":[{"href":"https:\/\/coronelxavierchaves.mg.gov.br\/prefeitura\/wp-json\/wp\/v2\/media?parent=20630"}],"wp:term":[{"taxonomy":"category","embeddable":true,"href":"https:\/\/coronelxavierchaves.mg.gov.br\/prefeitura\/wp-json\/wp\/v2\/categories?post=20630"},{"taxonomy":"post_tag","embeddable":true,"href":"https:\/\/coronelxavierchaves.mg.gov.br\/prefeitura\/wp-json\/wp\/v2\/tags?post=20630"}],"curies":[{"name":"wp","href":"https:\/\/api.w.org\/{rel}","templated":true}]}}