{"id":22149,"date":"2025-01-02T16:25:35","date_gmt":"2025-01-02T19:25:35","guid":{"rendered":"https:\/\/coronelxavierchaves.mg.gov.br\/prefeitura\/?p=22149"},"modified":"2025-12-30T14:35:31","modified_gmt":"2025-12-30T17:35:31","slug":"termo-de-autorizacao-pa-01-2025-contratos-de-prestacao-de-servicos-realizados-pelo-consorcio-intermunicipal-de-saude-das-vertentes-cisver","status":"publish","type":"post","link":"https:\/\/coronelxavierchaves.mg.gov.br\/prefeitura\/2025\/01\/02\/termo-de-autorizacao-pa-01-2025-contratos-de-prestacao-de-servicos-realizados-pelo-consorcio-intermunicipal-de-saude-das-vertentes-cisver\/","title":{"rendered":"Termo de Autoriza\u00e7\u00e3o (PA 01\/2025) &#8211; Contratos de presta\u00e7\u00e3o de servi\u00e7os realizados pelo cons\u00f3rcio intermunicipal de sa\u00fade das vertentes &#8211; CISVER"},"content":{"rendered":"<blockquote><p>DOWNLOADS<\/p><\/blockquote>\n<ul>\n<li><a href=\"https:\/\/coronelxavierchaves.mg.gov.br\/prefeitura\/wp-content\/uploads\/2025\/01\/AUTORIZACAO-01-2025.pdf\">TERMO DE AUTORIZA\u00c7\u00c3O<\/a>, publicado em 02\/01\/2025 \u00e0s 16:25h.<\/li>\n<li><a href=\"https:\/\/coronelxavierchaves.mg.gov.br\/prefeitura\/wp-content\/uploads\/2025\/01\/Contrato-Casa-de-Apoio-BH-2025.pdf\">Contrato Casa de Apoio BH<\/a>, publicado em 27\/01\/2025 \u00e0s 13:14h.<\/li>\n<li><a href=\"https:\/\/coronelxavierchaves.mg.gov.br\/prefeitura\/wp-content\/uploads\/2025\/01\/Contrato-Bem-Viver-2025.pdf\">Contrato Bem Viver<\/a>, publicado em 27\/01\/2025 \u00e0s 13:14h.<\/li>\n<li><a href=\"https:\/\/coronelxavierchaves.mg.gov.br\/prefeitura\/wp-content\/uploads\/2025\/01\/CONTRATO-CONSULTAS-E-EXAMES.pdf\">CONTRATO CONSULTAS E EXAMES<\/a>, publicado em 27\/01\/2025 \u00e0s 13:14h.<\/li>\n<li><a href=\"https:\/\/coronelxavierchaves.mg.gov.br\/prefeitura\/wp-content\/uploads\/2025\/01\/TRANSPORTE-DE-RESIDUOS-SAUDE.pdf\">TRANSPORTE DE RES\u00cdDUOS SA\u00daDE<\/a>, publicado em 27\/01\/2025 \u00e0s 13:14h.<\/li>\n<li><a href=\"https:\/\/coronelxavierchaves.mg.gov.br\/prefeitura\/wp-content\/uploads\/2025\/12\/1o-TA-CONTRATO-DE-EXAMES-CISVER-01-2025.pdf\">1\u00ba TERMO ADITIVO<\/a>, publicado em 30\/12\/2025 \u00e0s 14:35h.<\/li>\n<\/ul>\n<blockquote><p>OBJETO<\/p><\/blockquote>\n<div style=\"text-align: justify;\">\n<div style=\"text-align: justify;\">\n<p>Contratos de presta\u00e7\u00e3o de servi\u00e7os realizados pelo cons\u00f3rcio intermunicipal de sa\u00fade das vertentes &#8211; CISVER.<\/p>\n<\/div>\n<div>\n<p>&nbsp;<\/p>\n<div>\n<p>*<b>PUBLICA\u00c7\u00c3O<\/b><\/p>\n<ul>\n<li>Um destaque desta publica\u00e7\u00e3o foi gerado na p\u00e1gina inicial do site, dispon\u00edvel at\u00e9 que demais publica\u00e7\u00f5es sejam realizadas.<\/li>\n<li>Uma publica\u00e7\u00e3o permanente foi feita na p\u00e1gina de Editais e Licita\u00e7\u00f5es.<\/li>\n<li>Link para acesso:\u00a0http:\/\/coronelxavierchaves.mg.gov.br\/prefeitura\/wp-json\/wp\/v2\/posts\/22149<\/li>\n<\/ul>\n<\/div>\n<\/div>\n<\/div>\n","protected":false},"excerpt":{"rendered":"<p>DOWNLOADS TERMO DE AUTORIZA\u00c7\u00c3O, publicado em 02\/01\/2025 \u00e0s 16:25h. Contrato Casa de Apoio BH, publicado em 27\/01\/2025 \u00e0s 13:14h. Contrato Bem Viver, publicado em 27\/01\/2025 \u00e0s 13:14h. CONTRATO CONSULTAS E EXAMES, publicado em 27\/01\/2025 \u00e0s 13:14h. TRANSPORTE DE RES\u00cdDUOS SA\u00daDE, publicado em 27\/01\/2025 \u00e0s 13:14h. 1\u00ba TERMO ADITIVO, publicado em 30\/12\/2025 \u00e0s 14:35h. OBJETO Contratos [&hellip;]<\/p>\n","protected":false},"author":3,"featured_media":4367,"comment_status":"closed","ping_status":"closed","sticky":false,"template":"","format":"standard","meta":{"footnotes":"","_links_to":"","_links_to_target":""},"categories":[139],"tags":[],"class_list":{"0":"post-22149","1":"post","2":"type-post","3":"status-publish","4":"format-standard","5":"has-post-thumbnail","7":"category-contratos-aditivos-atas-e-outros-2025"},"_links":{"self":[{"href":"https:\/\/coronelxavierchaves.mg.gov.br\/prefeitura\/wp-json\/wp\/v2\/posts\/22149","targetHints":{"allow":["GET"]}}],"collection":[{"href":"https:\/\/coronelxavierchaves.mg.gov.br\/prefeitura\/wp-json\/wp\/v2\/posts"}],"about":[{"href":"https:\/\/coronelxavierchaves.mg.gov.br\/prefeitura\/wp-json\/wp\/v2\/types\/post"}],"author":[{"embeddable":true,"href":"https:\/\/coronelxavierchaves.mg.gov.br\/prefeitura\/wp-json\/wp\/v2\/users\/3"}],"replies":[{"embeddable":true,"href":"https:\/\/coronelxavierchaves.mg.gov.br\/prefeitura\/wp-json\/wp\/v2\/comments?post=22149"}],"version-history":[{"count":4,"href":"https:\/\/coronelxavierchaves.mg.gov.br\/prefeitura\/wp-json\/wp\/v2\/posts\/22149\/revisions"}],"predecessor-version":[{"id":26112,"href":"https:\/\/coronelxavierchaves.mg.gov.br\/prefeitura\/wp-json\/wp\/v2\/posts\/22149\/revisions\/26112"}],"wp:featuredmedia":[{"embeddable":true,"href":"https:\/\/coronelxavierchaves.mg.gov.br\/prefeitura\/wp-json\/wp\/v2\/media\/4367"}],"wp:attachment":[{"href":"https:\/\/coronelxavierchaves.mg.gov.br\/prefeitura\/wp-json\/wp\/v2\/media?parent=22149"}],"wp:term":[{"taxonomy":"category","embeddable":true,"href":"https:\/\/coronelxavierchaves.mg.gov.br\/prefeitura\/wp-json\/wp\/v2\/categories?post=22149"},{"taxonomy":"post_tag","embeddable":true,"href":"https:\/\/coronelxavierchaves.mg.gov.br\/prefeitura\/wp-json\/wp\/v2\/tags?post=22149"}],"curies":[{"name":"wp","href":"https:\/\/api.w.org\/{rel}","templated":true}]}}