{"id":22273,"date":"2025-01-13T11:34:11","date_gmt":"2025-01-13T14:34:11","guid":{"rendered":"https:\/\/coronelxavierchaves.mg.gov.br\/prefeitura\/?p=22273"},"modified":"2025-01-13T11:34:11","modified_gmt":"2025-01-13T14:34:11","slug":"6o-termo-aditivo-de-contrato-pl-40-2020-prestacao-de-servicos-de-destinacao-final-de-residuos-solidos-urbanos","status":"publish","type":"post","link":"https:\/\/coronelxavierchaves.mg.gov.br\/prefeitura\/2025\/01\/13\/6o-termo-aditivo-de-contrato-pl-40-2020-prestacao-de-servicos-de-destinacao-final-de-residuos-solidos-urbanos\/","title":{"rendered":"6\u00ba Termo aditivo de contrato (PL 40\/2020): Presta\u00e7\u00e3o de servi\u00e7os de destina\u00e7\u00e3o final de res\u00edduos s\u00f3lidos urbanos&#8230;"},"content":{"rendered":"<blockquote><p>DOWNLOADS<\/p><\/blockquote>\n<ul>\n<li><a href=\"https:\/\/coronelxavierchaves.mg.gov.br\/prefeitura\/wp-content\/uploads\/2025\/01\/6o-TA-DESTINACAO-FINAL-RSU-CIGEDAS-40-2020.pdf\">6\u00ba TERMO ADITIVO<\/a>, publicado em 13\/01\/2025 \u00e0s 11:34h<\/li>\n<\/ul>\n<p>&nbsp;<\/p>\n<blockquote><p>Objeto<\/p><\/blockquote>\n<div style=\"text-align: justify;\">\n<div style=\"text-align: justify;\">Prorroga\u00e7\u00e3o de prazo e reajuste dos pre\u00e7os do Contrato firmado entre as partes cujo objeto presta\u00e7\u00e3o do servi\u00e7o de\u00a0destina\u00e7\u00e3o final de res\u00edduos s\u00f3lidos urbanos\u00a0Classe II-A e II-B de sob regime de empreitada por pre\u00e7o unit\u00e1rio.<\/div>\n<\/div>\n<p>&nbsp;<\/p>\n<div class=\"printshowonly\">\n<p>*<b>PUBLICA\u00c7\u00c3O<\/b><\/p>\n<ul>\n<li>Um destaque desta publica\u00e7\u00e3o foi gerado na p\u00e1gina inicial do site, dispon\u00edvel at\u00e9 que demais publica\u00e7\u00f5es sejam realizadas.<\/li>\n<li>Uma publica\u00e7\u00e3o permanente foi feita na p\u00e1gina de Editais e Licita\u00e7\u00f5es.<\/li>\n<li>Link para acesso:\u00a0http:\/\/coronelxavierchaves.mg.gov.br\/prefeitura\/wp-json\/wp\/v2\/posts\/22273<\/li>\n<\/ul>\n<\/div>\n","protected":false},"excerpt":{"rendered":"<p>DOWNLOADS 6\u00ba TERMO ADITIVO, publicado em 13\/01\/2025 \u00e0s 11:34h &nbsp; Objeto Prorroga\u00e7\u00e3o de prazo e reajuste dos pre\u00e7os do Contrato firmado entre as partes cujo objeto presta\u00e7\u00e3o do servi\u00e7o de\u00a0destina\u00e7\u00e3o final de res\u00edduos s\u00f3lidos urbanos\u00a0Classe II-A e II-B de sob regime de empreitada por pre\u00e7o unit\u00e1rio. &nbsp; *PUBLICA\u00c7\u00c3O Um destaque desta publica\u00e7\u00e3o foi gerado na [&hellip;]<\/p>\n","protected":false},"author":3,"featured_media":4367,"comment_status":"open","ping_status":"open","sticky":false,"template":"","format":"standard","meta":{"footnotes":"","_links_to":"","_links_to_target":""},"categories":[139],"tags":[],"class_list":{"0":"post-22273","1":"post","2":"type-post","3":"status-publish","4":"format-standard","5":"has-post-thumbnail","7":"category-contratos-aditivos-atas-e-outros-2025"},"_links":{"self":[{"href":"https:\/\/coronelxavierchaves.mg.gov.br\/prefeitura\/wp-json\/wp\/v2\/posts\/22273","targetHints":{"allow":["GET"]}}],"collection":[{"href":"https:\/\/coronelxavierchaves.mg.gov.br\/prefeitura\/wp-json\/wp\/v2\/posts"}],"about":[{"href":"https:\/\/coronelxavierchaves.mg.gov.br\/prefeitura\/wp-json\/wp\/v2\/types\/post"}],"author":[{"embeddable":true,"href":"https:\/\/coronelxavierchaves.mg.gov.br\/prefeitura\/wp-json\/wp\/v2\/users\/3"}],"replies":[{"embeddable":true,"href":"https:\/\/coronelxavierchaves.mg.gov.br\/prefeitura\/wp-json\/wp\/v2\/comments?post=22273"}],"version-history":[{"count":1,"href":"https:\/\/coronelxavierchaves.mg.gov.br\/prefeitura\/wp-json\/wp\/v2\/posts\/22273\/revisions"}],"predecessor-version":[{"id":22275,"href":"https:\/\/coronelxavierchaves.mg.gov.br\/prefeitura\/wp-json\/wp\/v2\/posts\/22273\/revisions\/22275"}],"wp:featuredmedia":[{"embeddable":true,"href":"https:\/\/coronelxavierchaves.mg.gov.br\/prefeitura\/wp-json\/wp\/v2\/media\/4367"}],"wp:attachment":[{"href":"https:\/\/coronelxavierchaves.mg.gov.br\/prefeitura\/wp-json\/wp\/v2\/media?parent=22273"}],"wp:term":[{"taxonomy":"category","embeddable":true,"href":"https:\/\/coronelxavierchaves.mg.gov.br\/prefeitura\/wp-json\/wp\/v2\/categories?post=22273"},{"taxonomy":"post_tag","embeddable":true,"href":"https:\/\/coronelxavierchaves.mg.gov.br\/prefeitura\/wp-json\/wp\/v2\/tags?post=22273"}],"curies":[{"name":"wp","href":"https:\/\/api.w.org\/{rel}","templated":true}]}}