{"id":22295,"date":"2025-01-13T15:22:09","date_gmt":"2025-01-13T18:22:09","guid":{"rendered":"https:\/\/coronelxavierchaves.mg.gov.br\/prefeitura\/?p=22295"},"modified":"2025-01-13T15:22:09","modified_gmt":"2025-01-13T18:22:09","slug":"errata-e-edital-retificado-pl-02-2025-contratacao-de-empresa-especializada-para-a-prestacao-de-servicos-de-inspecao-e-vistoria-veicular-in-loco","status":"publish","type":"post","link":"https:\/\/coronelxavierchaves.mg.gov.br\/prefeitura\/2025\/01\/13\/errata-e-edital-retificado-pl-02-2025-contratacao-de-empresa-especializada-para-a-prestacao-de-servicos-de-inspecao-e-vistoria-veicular-in-loco\/","title":{"rendered":"[Errata e Edital retificado] (PL 02\/2025) &#8211; Contrata\u00e7\u00e3o de empresa especializada para a presta\u00e7\u00e3o de servi\u00e7os de inspe\u00e7\u00e3o e vistoria veicular in loco&#8230;"},"content":{"rendered":"<blockquote><p>DOWNLOADS<\/p><\/blockquote>\n<ul>\n<li><a href=\"https:\/\/coronelxavierchaves.mg.gov.br\/prefeitura\/wp-content\/uploads\/2025\/01\/13-ERRATA-02-2025.pdf\">ERRATA<\/a>, publicado em 13\/01\/2025 \u00e0s 15:22h.<\/li>\n<li><a href=\"https:\/\/coronelxavierchaves.mg.gov.br\/prefeitura\/wp-content\/uploads\/2025\/01\/14-EDITAL-RETIFICADO-02-2025.pdf\">EDITAL RETIFICADO<\/a>, publicado em 13\/01\/2025 \u00e0s 15:22h.<\/li>\n<\/ul>\n<p>&nbsp;<\/p>\n<p style=\"font-weight: 400; text-align: center;\"><strong><u>AVISO DE LICITA\u00c7\u00c3O (RETIFICADO)<\/u><\/strong><\/p>\n<p style=\"text-align: justify;\">Prefeitura Municipal de Coronel Xavier Chaves\/MG. Aviso de Licita\u00e7\u00e3o &#8211; Processo Licitat\u00f3rio \u2013\u00a002\/2025, Preg\u00e3o Eletr\u00f4nico \u2013 01\/2025, do tipo\u00a0<u>Menor Pre\u00e7o Global.\u00a0<\/u>Objeto:<strong>\u00a0CONTRATA\u00c7\u00c3O DE EMPRESA ESPECIALIZADA PARA A PRESTA\u00c7\u00c3O DE SERVI\u00c7OS DE INSPE\u00c7\u00c3O E VISTORIA VEICULAR\u00a0<em>IN LOCO<\/em>, COM O OBJETIVO DE AVALIAR AS CONDI\u00c7\u00d5ES DE SEGURAN\u00c7A DOS VE\u00cdCULOS DE TRANSPORTE ESCOLAR QUE ATENDEM \u00c0 REDE MUNICIPAL E ESTADUAL DO MUNIC\u00cdPIO DE CORONEL XAVIER CHAVES\/MG.<\/strong>\u00a0Limite de acolhimento das propostas: dia 24\/01\/2025\u00a0\u00e0s 12h59min.\u00a0<strong>DISPUTA: 24\/01\/2025, \u00e0s 13h30min, na Plataforma LICITAPP<\/strong>,\u00a0<a href=\"https:\/\/coronelxavierchaves.licitapp.com.br\/\">https:\/\/coronelxavierchaves.licitapp.com.br\/\/<\/a>.\u00a0O edital est\u00e1 dispon\u00edvel no site\u00a0\u201c<a href=\"http:\/\/www.coronelxavierchaves.mg.gov.br\/\">www.coronelxavierchaves.mg.gov.br<\/a>&#8220;, mais informa\u00e7\u00f5es\u00a0na prefeitura municipal \u00e0 Rua Padre Reis, 84, Centro, Coronel Xavier Chaves\/MG, no hor\u00e1rio de 08h00min \u00e0s 12h00min e de 13h00min \u00e0s 16h00min. Tel.:\u00a0<a href=\"tel:%2832%29%203357-1235\">(32) 3216-1053<\/a>\/ (32) 9 9199-6496 (<em>Whatsapp<\/em>).<\/p>\n<div>\n<blockquote><p>OBJETO<\/p><\/blockquote>\n<div style=\"text-align: justify;\">\n<div style=\"text-align: justify;\">\n<div style=\"text-align: justify;\">\n<p style=\"font-weight: 400;\"><b>AQUISI\u00c7\u00c3O DE EQUIPAMENTOS E MATERIAIS VISANDO O COMPLETO FUNCIONAMENTO DA COZINHA DO CENTRO MUNICIPAL DE EDUCA\u00c7\u00c3O INFANTIL &#8220;PRIMEIROS PASSOS&#8221;, CONFORME TERMO DE REFER\u00caNCIA.<\/b><\/p>\n<\/div>\n<div><\/div>\n<\/div>\n<\/div>\n<\/div>\n<div><\/div>\n<div class=\"printshowonly\">\n<p>*<b>PUBLICA\u00c7\u00c3O<\/b><\/p>\n<ul>\n<li>Um destaque desta publica\u00e7\u00e3o foi gerado na p\u00e1gina inicial do site, dispon\u00edvel at\u00e9 que demais publica\u00e7\u00f5es sejam realizadas.<\/li>\n<li>Uma publica\u00e7\u00e3o permanente foi feita na p\u00e1gina de Editais e Licita\u00e7\u00f5es.<\/li>\n<li>Link para acesso:\u00a0http:\/\/coronelxavierchaves.mg.gov.br\/prefeitura\/wp-json\/wp\/v2\/posts\/22295<\/li>\n<\/ul>\n<\/div>\n","protected":false},"excerpt":{"rendered":"<p>DOWNLOADS ERRATA, publicado em 13\/01\/2025 \u00e0s 15:22h. EDITAL RETIFICADO, publicado em 13\/01\/2025 \u00e0s 15:22h. &nbsp; AVISO DE LICITA\u00c7\u00c3O (RETIFICADO) Prefeitura Municipal de Coronel Xavier Chaves\/MG. Aviso de Licita\u00e7\u00e3o &#8211; Processo Licitat\u00f3rio \u2013\u00a002\/2025, Preg\u00e3o Eletr\u00f4nico \u2013 01\/2025, do tipo\u00a0Menor Pre\u00e7o Global.\u00a0Objeto:\u00a0CONTRATA\u00c7\u00c3O DE EMPRESA ESPECIALIZADA PARA A PRESTA\u00c7\u00c3O DE SERVI\u00c7OS DE INSPE\u00c7\u00c3O E VISTORIA VEICULAR\u00a0IN LOCO, COM [&hellip;]<\/p>\n","protected":false},"author":3,"featured_media":4367,"comment_status":"open","ping_status":"open","sticky":false,"template":"","format":"standard","meta":{"footnotes":"","_links_to":"","_links_to_target":""},"categories":[141],"tags":[],"class_list":{"0":"post-22295","1":"post","2":"type-post","3":"status-publish","4":"format-standard","5":"has-post-thumbnail","7":"category-outras-publicacoes-2025"},"_links":{"self":[{"href":"https:\/\/coronelxavierchaves.mg.gov.br\/prefeitura\/wp-json\/wp\/v2\/posts\/22295","targetHints":{"allow":["GET"]}}],"collection":[{"href":"https:\/\/coronelxavierchaves.mg.gov.br\/prefeitura\/wp-json\/wp\/v2\/posts"}],"about":[{"href":"https:\/\/coronelxavierchaves.mg.gov.br\/prefeitura\/wp-json\/wp\/v2\/types\/post"}],"author":[{"embeddable":true,"href":"https:\/\/coronelxavierchaves.mg.gov.br\/prefeitura\/wp-json\/wp\/v2\/users\/3"}],"replies":[{"embeddable":true,"href":"https:\/\/coronelxavierchaves.mg.gov.br\/prefeitura\/wp-json\/wp\/v2\/comments?post=22295"}],"version-history":[{"count":1,"href":"https:\/\/coronelxavierchaves.mg.gov.br\/prefeitura\/wp-json\/wp\/v2\/posts\/22295\/revisions"}],"predecessor-version":[{"id":22299,"href":"https:\/\/coronelxavierchaves.mg.gov.br\/prefeitura\/wp-json\/wp\/v2\/posts\/22295\/revisions\/22299"}],"wp:featuredmedia":[{"embeddable":true,"href":"https:\/\/coronelxavierchaves.mg.gov.br\/prefeitura\/wp-json\/wp\/v2\/media\/4367"}],"wp:attachment":[{"href":"https:\/\/coronelxavierchaves.mg.gov.br\/prefeitura\/wp-json\/wp\/v2\/media?parent=22295"}],"wp:term":[{"taxonomy":"category","embeddable":true,"href":"https:\/\/coronelxavierchaves.mg.gov.br\/prefeitura\/wp-json\/wp\/v2\/categories?post=22295"},{"taxonomy":"post_tag","embeddable":true,"href":"https:\/\/coronelxavierchaves.mg.gov.br\/prefeitura\/wp-json\/wp\/v2\/tags?post=22295"}],"curies":[{"name":"wp","href":"https:\/\/api.w.org\/{rel}","templated":true}]}}