{"id":22311,"date":"2025-01-15T09:59:24","date_gmt":"2025-01-15T12:59:24","guid":{"rendered":"https:\/\/coronelxavierchaves.mg.gov.br\/prefeitura\/?p=22311"},"modified":"2025-08-13T12:02:52","modified_gmt":"2025-08-13T15:02:52","slug":"edital-de-credenciamento-pa-03-2025-inexigibilidade-no-01-2025-contratacao-de-pessoas-fisicas-para-a-prestacao-de-servico-convencional-de-taxi","status":"publish","type":"post","link":"https:\/\/coronelxavierchaves.mg.gov.br\/prefeitura\/2025\/01\/15\/edital-de-credenciamento-pa-03-2025-inexigibilidade-no-01-2025-contratacao-de-pessoas-fisicas-para-a-prestacao-de-servico-convencional-de-taxi\/","title":{"rendered":"Edital de Credenciamento (PA 03\/2025) Inexigibilidade n\u00ba 01\/2025- Contrata\u00e7\u00e3o de pessoas f\u00edsicas, para a presta\u00e7\u00e3o de servi\u00e7o convencional de t\u00e1xi"},"content":{"rendered":"<blockquote>\n<p style=\"text-align: center;\">DOWNLOADS<\/p>\n<\/blockquote>\n<ul>\n<li style=\"list-style-type: none;\">\n<ul>\n<li><del><a href=\"https:\/\/coronelxavierchaves.mg.gov.br\/prefeitura\/wp-content\/uploads\/2025\/01\/10-EDITAL-03-2025.pdf\">EDITAL<\/a>, publicado em 15\/01\/2025 \u00e0s 09:59h.<\/del><\/li>\n<li><a href=\"https:\/\/coronelxavierchaves.mg.gov.br\/prefeitura\/wp-content\/uploads\/2025\/01\/10-EDITAL-03-2025a.pdf\">EDITAL<\/a>, publicado em 15\/01\/2025 \u00e0s 11:31h.<\/li>\n<li><a href=\"https:\/\/coronelxavierchaves.mg.gov.br\/prefeitura\/wp-content\/uploads\/2025\/01\/CONTRATO-JULIANA.pdf\">CONTRATO: JULIANA<\/a>, publicado em 27\/01\/2025 \u00e0s 13:18h.<\/li>\n<li><a href=\"https:\/\/coronelxavierchaves.mg.gov.br\/prefeitura\/wp-content\/uploads\/2025\/01\/CONTRATO-LEANDRO.pdf\">CONTRATO: LEANDRO<\/a>, publicado em 27\/01\/2025 \u00e0s 13:18h.<\/li>\n<li><a href=\"https:\/\/coronelxavierchaves.mg.gov.br\/prefeitura\/wp-content\/uploads\/2025\/01\/CONTRATO-VALDENIR.pdf\">CONTRATO: VALDENIR<\/a>, publicado em 27\/01\/2025 \u00e0s 13:18h.<\/li>\n<li><a href=\"https:\/\/coronelxavierchaves.mg.gov.br\/prefeitura\/wp-content\/uploads\/2025\/01\/03-CONTRATO-EUDUCILEI-03-2025.pdf\">CONTRATO: EUDUCILEI<\/a>, publicado em 09\/05\/2025 \u00e0s 16:01h.<\/li>\n<\/ul>\n<\/li>\n<\/ul>\n<p style=\"font-weight: 400; text-align: center;\"><b>AVISO DE CREDENCIAMENTO<\/b><\/p>\n<p style=\"text-align: justify;\">O Munic\u00edpio de Coronel Xavier Chaves\/MG, situado na Rua Padre Reis, 84, Centro, CNPJ n\u00ba 18.557.546\/0001-03, torna p\u00fablico Edital de Credenciamento n\u00ba 01\/2025, Inexigibilidade n\u00ba 01\/2025, Processo n\u00ba 03\/2025. Objeto: Contrata\u00e7\u00e3o de pessoas f\u00edsicas, para a presta\u00e7\u00e3o de servi\u00e7o convencional de t\u00e1xi, para atendimento das demandas das Secretaria Municipais. O edital e seus anexos encontram-se permanentemente dispon\u00edveis no site\u00a0<a href=\"https:\/\/coronelxavierchaves.mg.gov.br\/prefeitura\/\" data-saferedirecturl=\"https:\/\/www.google.com\/url?q=https:\/\/coronelxavierchaves.mg.gov.br\/prefeitura\/&amp;source=gmail&amp;ust=1737029988299000&amp;usg=AOvVaw095ROPC1J-XKyuSDCza-Pf\">https:\/\/coronelxavierchaves.mg.gov.br\/prefeitura\/<\/a>, Per\u00edodo de credenciamento:\u00a0<strong>15\/01\/2025 a 31\/12\/2025.<\/strong>\u00a0Coronel Xavier Chaves, 15 de janeiro de 2025. Juliana Jaques Camargos &#8211; Agente de Contrata\u00e7\u00e3o.<\/p>\n<p>&nbsp;<\/p>\n<div class=\"printshowonly\">\n<p>*<b>PUBLICA\u00c7\u00c3O<\/b><\/p>\n<ul>\n<li>Um destaque desta publica\u00e7\u00e3o foi gerado na p\u00e1gina inicial do site, dispon\u00edvel at\u00e9 que demais publica\u00e7\u00f5es sejam realizadas.<\/li>\n<li>Uma publica\u00e7\u00e3o permanente foi feita na p\u00e1gina de Editais e Licita\u00e7\u00f5es.<\/li>\n<li>Link para acesso: http:\/\/coronelxavierchaves.mg.gov.br\/prefeitura\/wp-json\/wp\/v2\/posts\/22311<\/li>\n<\/ul>\n<\/div>\n","protected":false},"excerpt":{"rendered":"<p>DOWNLOADS EDITAL, publicado em 15\/01\/2025 \u00e0s 09:59h. EDITAL, publicado em 15\/01\/2025 \u00e0s 11:31h. CONTRATO: JULIANA, publicado em 27\/01\/2025 \u00e0s 13:18h. CONTRATO: LEANDRO, publicado em 27\/01\/2025 \u00e0s 13:18h. CONTRATO: VALDENIR, publicado em 27\/01\/2025 \u00e0s 13:18h. CONTRATO: EUDUCILEI, publicado em 09\/05\/2025 \u00e0s 16:01h. AVISO DE CREDENCIAMENTO O Munic\u00edpio de Coronel Xavier Chaves\/MG, situado na Rua Padre Reis, [&hellip;]<\/p>\n","protected":false},"author":3,"featured_media":4366,"comment_status":"closed","ping_status":"closed","sticky":false,"template":"","format":"standard","meta":{"footnotes":"","_links_to":"","_links_to_target":""},"categories":[135],"tags":[],"class_list":{"0":"post-22311","1":"post","2":"type-post","3":"status-publish","4":"format-standard","5":"has-post-thumbnail","7":"category-editais-de-licitacao-2025"},"_links":{"self":[{"href":"https:\/\/coronelxavierchaves.mg.gov.br\/prefeitura\/wp-json\/wp\/v2\/posts\/22311","targetHints":{"allow":["GET"]}}],"collection":[{"href":"https:\/\/coronelxavierchaves.mg.gov.br\/prefeitura\/wp-json\/wp\/v2\/posts"}],"about":[{"href":"https:\/\/coronelxavierchaves.mg.gov.br\/prefeitura\/wp-json\/wp\/v2\/types\/post"}],"author":[{"embeddable":true,"href":"https:\/\/coronelxavierchaves.mg.gov.br\/prefeitura\/wp-json\/wp\/v2\/users\/3"}],"replies":[{"embeddable":true,"href":"https:\/\/coronelxavierchaves.mg.gov.br\/prefeitura\/wp-json\/wp\/v2\/comments?post=22311"}],"version-history":[{"count":5,"href":"https:\/\/coronelxavierchaves.mg.gov.br\/prefeitura\/wp-json\/wp\/v2\/posts\/22311\/revisions"}],"predecessor-version":[{"id":23714,"href":"https:\/\/coronelxavierchaves.mg.gov.br\/prefeitura\/wp-json\/wp\/v2\/posts\/22311\/revisions\/23714"}],"wp:featuredmedia":[{"embeddable":true,"href":"https:\/\/coronelxavierchaves.mg.gov.br\/prefeitura\/wp-json\/wp\/v2\/media\/4366"}],"wp:attachment":[{"href":"https:\/\/coronelxavierchaves.mg.gov.br\/prefeitura\/wp-json\/wp\/v2\/media?parent=22311"}],"wp:term":[{"taxonomy":"category","embeddable":true,"href":"https:\/\/coronelxavierchaves.mg.gov.br\/prefeitura\/wp-json\/wp\/v2\/categories?post=22311"},{"taxonomy":"post_tag","embeddable":true,"href":"https:\/\/coronelxavierchaves.mg.gov.br\/prefeitura\/wp-json\/wp\/v2\/tags?post=22311"}],"curies":[{"name":"wp","href":"https:\/\/api.w.org\/{rel}","templated":true}]}}