{"id":22332,"date":"2025-01-15T16:30:00","date_gmt":"2025-01-15T19:30:00","guid":{"rendered":"https:\/\/coronelxavierchaves.mg.gov.br\/prefeitura\/?p=22332"},"modified":"2026-03-31T14:39:15","modified_gmt":"2026-03-31T17:39:15","slug":"aviso-de-licitacao-pl-05-2025-contratacao-de-empresa-para-a-prestacao-de-servicos-de-transporte-escolar-de-alunos-da-rede-estadual-e-municipal","status":"publish","type":"post","link":"https:\/\/coronelxavierchaves.mg.gov.br\/prefeitura\/2025\/01\/15\/aviso-de-licitacao-pl-05-2025-contratacao-de-empresa-para-a-prestacao-de-servicos-de-transporte-escolar-de-alunos-da-rede-estadual-e-municipal\/","title":{"rendered":"Aviso de Licita\u00e7\u00e3o (PL 05\/2025) &#8211; Contrata\u00e7\u00e3o de empresa para a presta\u00e7\u00e3o de servi\u00e7os de transporte escolar de alunos da rede estadual e municipal"},"content":{"rendered":"<blockquote>\n<p style=\"text-align: center;\">DOWNLOADS<\/p>\n<\/blockquote>\n<ul>\n<li style=\"list-style-type: none;\">\n<ul>\n<li><a href=\"https:\/\/coronelxavierchaves.mg.gov.br\/prefeitura\/wp-content\/uploads\/2025\/01\/EDITAL-05-2025.pdf\">EDITAL<\/a>, publicado em 15\/01\/2025 \u00e0s 16:29h.<\/li>\n<li><a href=\"https:\/\/coronelxavierchaves.mg.gov.br\/prefeitura\/wp-content\/uploads\/2025\/02\/CONTRATO-WESLEY-05-2025.pdf\">CONTRATO<\/a>, publicado em 17\/02\/2025 \u00e0s 07:41h.<\/li>\n<li><a href=\"https:\/\/coronelxavierchaves.mg.gov.br\/prefeitura\/wp-content\/uploads\/2025\/02\/1o-TERMO-DE-ADITAMENTO-WESLEY-05-2025.pdf\">1\u00ba TERMO DE ADITIVO<\/a>, publicado em 21\/02\/2025 \u00e0s 15:30h.<\/li>\n<li><a href=\"https:\/\/coronelxavierchaves.mg.gov.br\/prefeitura\/wp-content\/uploads\/2026\/02\/2o-TERMO-ADITIVO-WESLEY-05-2025.pdf\">2\u00ba TERMO DE ADITIVO<\/a>, publicado em 10\/02\/2026 \u00e0s 14:35h.<\/li>\n<li><a href=\"https:\/\/coronelxavierchaves.mg.gov.br\/prefeitura\/wp-content\/uploads\/2026\/03\/3o-TERMO-ADITIVO-WESLEY-05-2025.pdf\">3\u00ba TERMO DE ADITIVO<\/a>, publicado em 02\/03\/2026 \u00e0s 10:05h.<\/li>\n<li><a href=\"https:\/\/coronelxavierchaves.mg.gov.br\/prefeitura\/wp-content\/uploads\/2026\/03\/4o-TERMO-ADITIVO-05-2025.pdf\">4\u00ba TERMO DE ADITIVO<\/a>, publicado em 31\/03\/2026 \u00e0s 14:39h.<\/li>\n<\/ul>\n<\/li>\n<\/ul>\n<p style=\"font-weight: 400; text-align: center;\"><strong><u>AVISO DE LICITA\u00c7\u00c3O<\/u><\/strong><\/p>\n<p style=\"text-align: justify;\">Prefeitura Municipal de Coronel Xavier Chaves\/MG. Aviso de Licita\u00e7\u00e3o &#8211; Processo Licitat\u00f3rio \u2013 05\/2025, Preg\u00e3o Eletr\u00f4nico \u2013 03\/2025, do tipo\u00a0<u>Menor Pre\u00e7o por Item.\u00a0<\/u>Objeto:<strong>\u00a0CONTRATA\u00c7\u00c3O DE EMPRESA PARA A PRESTA\u00c7\u00c3O DE SERVI\u00c7OS DE TRANSPORTE ESCOLAR DE ALUNOS DA REDE ESTADUAL E MUNICIPAL DE ENSINO DO MUNIC\u00cdPIO DE CORONEL XAVIER CHAVES, NAS LINHAS QUE CONECTAM O MUNIC\u00cdPIO \u00c0S COMUNIDADES RURAIS DE CACHOEIRA E S\u00c3O CAETANO. A EXECU\u00c7\u00c3O SER\u00c1 REALIZADA SOB O REGIME DE MENOR PRE\u00c7O POR VIAGEM DI\u00c1RIA (IDA E VOLTA), ENGLOBANDO OS CUSTOS COM A MANUTEN\u00c7\u00c3O DO VE\u00cdCULO, COMBUST\u00cdVEL E MOTORISTA.<\/strong>\u00a0Limite de acolhimento das propostas: dia 28\/01\/2025 \u00e0s 07h59min.\u00a0<strong>DISPUTA: 28\/01\/2025, \u00e0s 08h30min, na Plataforma LICITAPP<\/strong>,\u00a0<a href=\"https:\/\/coronelxavierchaves.licitapp.com.br\/\">https:\/\/coronelxavierchaves.licitapp.com.br\/\/<\/a>.\u00a0O edital est\u00e1 dispon\u00edvel no site\u00a0\u201c<a href=\"http:\/\/www.coronelxavierchaves.mg.gov.br\/\">www.coronelxavierchaves.mg.gov.br<\/a>&#8220;, mais informa\u00e7\u00f5es\u00a0na prefeitura municipal \u00e0 Rua Padre Reis, 84, Centro, Coronel Xavier Chaves\/MG, no hor\u00e1rio de 08h00min \u00e0s 12h00min e de 13h00min \u00e0s 16h00min. Tel.:\u00a0<a href=\"tel:%2832%29%203357-1235\">(32) 3216-1053<\/a>\/ (32) 9 9199-6496 (<em>Whatsapp<\/em>). Coronel Xavier Chaves, 15 de janeiro de 2025. Juliana Jaques Camargos \u2013 Pregoeira.<\/p>\n<p>&nbsp;<\/p>\n<p>&nbsp;<\/p>\n<div class=\"printshowonly\">\n<p>*<b>PUBLICA\u00c7\u00c3O<\/b><\/p>\n<ul>\n<li>Um destaque desta publica\u00e7\u00e3o foi gerado na p\u00e1gina inicial do site, dispon\u00edvel at\u00e9 que demais publica\u00e7\u00f5es sejam realizadas.<\/li>\n<li>Uma publica\u00e7\u00e3o permanente foi feita na p\u00e1gina de Editais e Licita\u00e7\u00f5es.<\/li>\n<li>Link para acesso: http:\/\/coronelxavierchaves.mg.gov.br\/prefeitura\/wp-json\/wp\/v2\/posts\/22332<\/li>\n<\/ul>\n<\/div>\n","protected":false},"excerpt":{"rendered":"<p>DOWNLOADS EDITAL, publicado em 15\/01\/2025 \u00e0s 16:29h. CONTRATO, publicado em 17\/02\/2025 \u00e0s 07:41h. 1\u00ba TERMO DE ADITIVO, publicado em 21\/02\/2025 \u00e0s 15:30h. 2\u00ba TERMO DE ADITIVO, publicado em 10\/02\/2026 \u00e0s 14:35h. 3\u00ba TERMO DE ADITIVO, publicado em 02\/03\/2026 \u00e0s 10:05h. 4\u00ba TERMO DE ADITIVO, publicado em 31\/03\/2026 \u00e0s 14:39h. AVISO DE LICITA\u00c7\u00c3O Prefeitura Municipal de [&hellip;]<\/p>\n","protected":false},"author":3,"featured_media":4366,"comment_status":"closed","ping_status":"closed","sticky":false,"template":"","format":"standard","meta":{"footnotes":"","_links_to":"","_links_to_target":""},"categories":[135],"tags":[],"class_list":{"0":"post-22332","1":"post","2":"type-post","3":"status-publish","4":"format-standard","5":"has-post-thumbnail","7":"category-editais-de-licitacao-2025"},"_links":{"self":[{"href":"https:\/\/coronelxavierchaves.mg.gov.br\/prefeitura\/wp-json\/wp\/v2\/posts\/22332","targetHints":{"allow":["GET"]}}],"collection":[{"href":"https:\/\/coronelxavierchaves.mg.gov.br\/prefeitura\/wp-json\/wp\/v2\/posts"}],"about":[{"href":"https:\/\/coronelxavierchaves.mg.gov.br\/prefeitura\/wp-json\/wp\/v2\/types\/post"}],"author":[{"embeddable":true,"href":"https:\/\/coronelxavierchaves.mg.gov.br\/prefeitura\/wp-json\/wp\/v2\/users\/3"}],"replies":[{"embeddable":true,"href":"https:\/\/coronelxavierchaves.mg.gov.br\/prefeitura\/wp-json\/wp\/v2\/comments?post=22332"}],"version-history":[{"count":7,"href":"https:\/\/coronelxavierchaves.mg.gov.br\/prefeitura\/wp-json\/wp\/v2\/posts\/22332\/revisions"}],"predecessor-version":[{"id":27320,"href":"https:\/\/coronelxavierchaves.mg.gov.br\/prefeitura\/wp-json\/wp\/v2\/posts\/22332\/revisions\/27320"}],"wp:featuredmedia":[{"embeddable":true,"href":"https:\/\/coronelxavierchaves.mg.gov.br\/prefeitura\/wp-json\/wp\/v2\/media\/4366"}],"wp:attachment":[{"href":"https:\/\/coronelxavierchaves.mg.gov.br\/prefeitura\/wp-json\/wp\/v2\/media?parent=22332"}],"wp:term":[{"taxonomy":"category","embeddable":true,"href":"https:\/\/coronelxavierchaves.mg.gov.br\/prefeitura\/wp-json\/wp\/v2\/categories?post=22332"},{"taxonomy":"post_tag","embeddable":true,"href":"https:\/\/coronelxavierchaves.mg.gov.br\/prefeitura\/wp-json\/wp\/v2\/tags?post=22332"}],"curies":[{"name":"wp","href":"https:\/\/api.w.org\/{rel}","templated":true}]}}