{"id":22406,"date":"2025-01-27T13:07:06","date_gmt":"2025-01-27T16:07:06","guid":{"rendered":"https:\/\/coronelxavierchaves.mg.gov.br\/prefeitura\/?p=22406"},"modified":"2025-10-01T09:40:28","modified_gmt":"2025-10-01T12:40:28","slug":"contrato-de-rateio-cisver-2025","status":"publish","type":"post","link":"https:\/\/coronelxavierchaves.mg.gov.br\/prefeitura\/2025\/01\/27\/contrato-de-rateio-cisver-2025\/","title":{"rendered":"Contrato de Rateio CISVER &#8211; 2025"},"content":{"rendered":"<blockquote><p>DOWNLOADS<\/p><\/blockquote>\n<ul>\n<li><a href=\"https:\/\/coronelxavierchaves.mg.gov.br\/prefeitura\/wp-content\/uploads\/2025\/01\/RATEIO-CISVER-2025.pdf\">CONTRATO<\/a>, publicado em 27\/01\/2025 \u00e0s 13:07h.<\/li>\n<li><a href=\"https:\/\/coronelxavierchaves.mg.gov.br\/prefeitura\/wp-content\/uploads\/2025\/10\/1o-TA-CISVER.pdf\">1\u00ba TERMO ADITIVO<\/a>, publicado em 01\/10\/2025 \u00e0s 09:40h.<\/li>\n<\/ul>\n<blockquote><p>OBJETO<\/p><\/blockquote>\n<div style=\"text-align: justify;\">\n<div style=\"text-align: justify;\">\n<div style=\"text-align: justify;\">\n<p style=\"font-weight: 400;\">Contrato de rateio o repasse mensal de recursos financeiros do contratante ao contratado para a manuten\u00e7\u00e3o das atividades administrativas do cons\u00f3rcio englobando as despesas de pessoal civil, obriga\u00e7\u00f5es patronais, materiais de consumo, materiais permanentes e outros servi\u00e7os de terceiros &#8211; pessoas f\u00edsica e jur\u00eddica, assim como outras despesas de manuten\u00e7\u00e3o da estrutura administrativa do Cons\u00f3rcio, para o desenvolvimento de formas articuladas de gest\u00e3o, planejamento e execu\u00e7\u00e3o de a\u00e7\u00f5es e servi\u00e7os de sa\u00fade, nas atividades de promo\u00e7\u00e3o, preven\u00e7\u00e3o e recupera\u00e7\u00e3o da sa\u00fade dos habitantes da \u00e1rea de atua\u00e7\u00e3o que engloba os Munic\u00edpios consorciados ao CISVER.<\/p>\n<p>&nbsp;<\/p>\n<div class=\"printshowonly\">\n<p>*<b>PUBLICA\u00c7\u00c3O<\/b><\/p>\n<ul>\n<li style=\"text-align: justify;\">Um destaque desta publica\u00e7\u00e3o foi gerado na p\u00e1gina inicial do site, dispon\u00edvel at\u00e9 que demais publica\u00e7\u00f5es sejam realizadas.<\/li>\n<li style=\"text-align: left;\">Uma publica\u00e7\u00e3o permanente foi feita na p\u00e1gina de Editais e Licita\u00e7\u00f5es.<\/li>\n<li style=\"text-align: left;\">Link para acesso:http:\/\/coronelxavierchaves.mg.gov.br\/prefeitura\/wp-json\/wp\/v2\/posts\/22406<\/li>\n<\/ul>\n<\/div>\n<\/div>\n<div><\/div>\n<\/div>\n<\/div>\n","protected":false},"excerpt":{"rendered":"<p>DOWNLOADS CONTRATO, publicado em 27\/01\/2025 \u00e0s 13:07h. 1\u00ba TERMO ADITIVO, publicado em 01\/10\/2025 \u00e0s 09:40h. OBJETO Contrato de rateio o repasse mensal de recursos financeiros do contratante ao contratado para a manuten\u00e7\u00e3o das atividades administrativas do cons\u00f3rcio englobando as despesas de pessoal civil, obriga\u00e7\u00f5es patronais, materiais de consumo, materiais permanentes e outros servi\u00e7os de terceiros [&hellip;]<\/p>\n","protected":false},"author":3,"featured_media":4367,"comment_status":"closed","ping_status":"closed","sticky":false,"template":"","format":"standard","meta":{"footnotes":"","_links_to":"","_links_to_target":""},"categories":[139],"tags":[],"class_list":{"0":"post-22406","1":"post","2":"type-post","3":"status-publish","4":"format-standard","5":"has-post-thumbnail","7":"category-contratos-aditivos-atas-e-outros-2025"},"_links":{"self":[{"href":"https:\/\/coronelxavierchaves.mg.gov.br\/prefeitura\/wp-json\/wp\/v2\/posts\/22406","targetHints":{"allow":["GET"]}}],"collection":[{"href":"https:\/\/coronelxavierchaves.mg.gov.br\/prefeitura\/wp-json\/wp\/v2\/posts"}],"about":[{"href":"https:\/\/coronelxavierchaves.mg.gov.br\/prefeitura\/wp-json\/wp\/v2\/types\/post"}],"author":[{"embeddable":true,"href":"https:\/\/coronelxavierchaves.mg.gov.br\/prefeitura\/wp-json\/wp\/v2\/users\/3"}],"replies":[{"embeddable":true,"href":"https:\/\/coronelxavierchaves.mg.gov.br\/prefeitura\/wp-json\/wp\/v2\/comments?post=22406"}],"version-history":[{"count":3,"href":"https:\/\/coronelxavierchaves.mg.gov.br\/prefeitura\/wp-json\/wp\/v2\/posts\/22406\/revisions"}],"predecessor-version":[{"id":25216,"href":"https:\/\/coronelxavierchaves.mg.gov.br\/prefeitura\/wp-json\/wp\/v2\/posts\/22406\/revisions\/25216"}],"wp:featuredmedia":[{"embeddable":true,"href":"https:\/\/coronelxavierchaves.mg.gov.br\/prefeitura\/wp-json\/wp\/v2\/media\/4367"}],"wp:attachment":[{"href":"https:\/\/coronelxavierchaves.mg.gov.br\/prefeitura\/wp-json\/wp\/v2\/media?parent=22406"}],"wp:term":[{"taxonomy":"category","embeddable":true,"href":"https:\/\/coronelxavierchaves.mg.gov.br\/prefeitura\/wp-json\/wp\/v2\/categories?post=22406"},{"taxonomy":"post_tag","embeddable":true,"href":"https:\/\/coronelxavierchaves.mg.gov.br\/prefeitura\/wp-json\/wp\/v2\/tags?post=22406"}],"curies":[{"name":"wp","href":"https:\/\/api.w.org\/{rel}","templated":true}]}}