{"id":22409,"date":"2025-01-27T13:09:26","date_gmt":"2025-01-27T16:09:26","guid":{"rendered":"https:\/\/coronelxavierchaves.mg.gov.br\/prefeitura\/?p=22409"},"modified":"2025-01-27T13:09:26","modified_gmt":"2025-01-27T16:09:26","slug":"contrato-de-rateio-do-cigedas-2025","status":"publish","type":"post","link":"https:\/\/coronelxavierchaves.mg.gov.br\/prefeitura\/2025\/01\/27\/contrato-de-rateio-do-cigedas-2025\/","title":{"rendered":"Contrato de Rateio do Cigedas &#8211; 2025"},"content":{"rendered":"<blockquote><p>DOWNLOADS<\/p><\/blockquote>\n<ul>\n<li><a href=\"https:\/\/coronelxavierchaves.mg.gov.br\/prefeitura\/wp-content\/uploads\/2025\/01\/RATEIO-CIGEDAS-2025.pdf\">CONTRATO<\/a>, publicado em 27\/01\/2025 \u00e0s 13:09h.<\/li>\n<\/ul>\n<blockquote><p>OBJETO<\/p><\/blockquote>\n<div style=\"text-align: justify;\">\n<div style=\"text-align: justify;\">\n<div style=\"text-align: justify;\">\n<div style=\"text-align: justify;\">\n<div>Contrato de Rateio, o repasse mensal de recursos financeiros do CONTRATANTE ao CONTRATADO, para a manuten\u00e7\u00e3o das atividades administrativas do Cons\u00f3rcio, englobando as despesas de pessoal civil, obriga\u00e7\u00f5es patronais, materiais de consumo, materiais permanentes, outros servi\u00e7os de terceiros &#8211; pessoa f\u00edsica e jur\u00eddica, bem como outras despesas de manuten\u00e7\u00e3o da estrutura administrativa do Cons\u00f3rcio para a estrutura\u00e7\u00e3o e regionaliza\u00e7\u00e3o de pol\u00edticas p\u00fablicas, atrav\u00e9s da gest\u00e3o compartilhada dos servi\u00e7os p\u00fablicos.<\/div>\n<div><\/div>\n<\/div>\n<div>\n<p>&nbsp;<\/p>\n<div class=\"printshowonly\">\n<p>*<b>PUBLICA\u00c7\u00c3O<\/b><\/p>\n<ul>\n<li style=\"text-align: justify;\">Um destaque desta publica\u00e7\u00e3o foi gerado na p\u00e1gina inicial do site, dispon\u00edvel at\u00e9 que demais publica\u00e7\u00f5es sejam realizadas.<\/li>\n<li style=\"text-align: justify;\">Uma publica\u00e7\u00e3o permanente foi feita na p\u00e1gina de Editais e Licita\u00e7\u00f5es.<\/li>\n<li style=\"text-align: left;\">Link para acesso:\u00a0http:\/\/coronelxavierchaves.mg.gov.br\/prefeitura\/wp-json\/wp\/v2\/posts\/22409<\/li>\n<\/ul>\n<\/div>\n<\/div>\n<div><\/div>\n<\/div>\n<div><\/div>\n<\/div>\n<\/div>\n","protected":false},"excerpt":{"rendered":"<p>DOWNLOADS CONTRATO, publicado em 27\/01\/2025 \u00e0s 13:09h. OBJETO Contrato de Rateio, o repasse mensal de recursos financeiros do CONTRATANTE ao CONTRATADO, para a manuten\u00e7\u00e3o das atividades administrativas do Cons\u00f3rcio, englobando as despesas de pessoal civil, obriga\u00e7\u00f5es patronais, materiais de consumo, materiais permanentes, outros servi\u00e7os de terceiros &#8211; pessoa f\u00edsica e jur\u00eddica, bem como outras despesas [&hellip;]<\/p>\n","protected":false},"author":3,"featured_media":4367,"comment_status":"open","ping_status":"open","sticky":false,"template":"","format":"standard","meta":{"footnotes":"","_links_to":"","_links_to_target":""},"categories":[139],"tags":[],"class_list":{"0":"post-22409","1":"post","2":"type-post","3":"status-publish","4":"format-standard","5":"has-post-thumbnail","7":"category-contratos-aditivos-atas-e-outros-2025"},"_links":{"self":[{"href":"https:\/\/coronelxavierchaves.mg.gov.br\/prefeitura\/wp-json\/wp\/v2\/posts\/22409","targetHints":{"allow":["GET"]}}],"collection":[{"href":"https:\/\/coronelxavierchaves.mg.gov.br\/prefeitura\/wp-json\/wp\/v2\/posts"}],"about":[{"href":"https:\/\/coronelxavierchaves.mg.gov.br\/prefeitura\/wp-json\/wp\/v2\/types\/post"}],"author":[{"embeddable":true,"href":"https:\/\/coronelxavierchaves.mg.gov.br\/prefeitura\/wp-json\/wp\/v2\/users\/3"}],"replies":[{"embeddable":true,"href":"https:\/\/coronelxavierchaves.mg.gov.br\/prefeitura\/wp-json\/wp\/v2\/comments?post=22409"}],"version-history":[{"count":1,"href":"https:\/\/coronelxavierchaves.mg.gov.br\/prefeitura\/wp-json\/wp\/v2\/posts\/22409\/revisions"}],"predecessor-version":[{"id":22411,"href":"https:\/\/coronelxavierchaves.mg.gov.br\/prefeitura\/wp-json\/wp\/v2\/posts\/22409\/revisions\/22411"}],"wp:featuredmedia":[{"embeddable":true,"href":"https:\/\/coronelxavierchaves.mg.gov.br\/prefeitura\/wp-json\/wp\/v2\/media\/4367"}],"wp:attachment":[{"href":"https:\/\/coronelxavierchaves.mg.gov.br\/prefeitura\/wp-json\/wp\/v2\/media?parent=22409"}],"wp:term":[{"taxonomy":"category","embeddable":true,"href":"https:\/\/coronelxavierchaves.mg.gov.br\/prefeitura\/wp-json\/wp\/v2\/categories?post=22409"},{"taxonomy":"post_tag","embeddable":true,"href":"https:\/\/coronelxavierchaves.mg.gov.br\/prefeitura\/wp-json\/wp\/v2\/tags?post=22409"}],"curies":[{"name":"wp","href":"https:\/\/api.w.org\/{rel}","templated":true}]}}