{"id":22449,"date":"2025-01-28T16:20:19","date_gmt":"2025-01-28T19:20:19","guid":{"rendered":"https:\/\/coronelxavierchaves.mg.gov.br\/prefeitura\/?p=22449"},"modified":"2025-02-25T13:33:45","modified_gmt":"2025-02-25T16:33:45","slug":"aviso-de-licitacao-pl-11-2025-contratacao-de-empresa-para-fornecimento-parcelado-de-fitilho-retorcido","status":"publish","type":"post","link":"https:\/\/coronelxavierchaves.mg.gov.br\/prefeitura\/2025\/01\/28\/aviso-de-licitacao-pl-11-2025-contratacao-de-empresa-para-fornecimento-parcelado-de-fitilho-retorcido\/","title":{"rendered":"Aviso de Licita\u00e7\u00e3o (PL 11\/2025) &#8211; Contrata\u00e7\u00e3o de empresa para fornecimento parcelado de fitilho retorcido"},"content":{"rendered":"<blockquote>\n<p style=\"text-align: center;\">DOWNLOADS<\/p>\n<\/blockquote>\n<ul>\n<li style=\"list-style-type: none;\">\n<ul>\n<li><a href=\"https:\/\/coronelxavierchaves.mg.gov.br\/prefeitura\/wp-content\/uploads\/2025\/01\/EDITAL-11-2025.pdf\">EDITAL<\/a>, publicado em 28\/01\/2025 \u00e0s 16:20h.<\/li>\n<li><a href=\"https:\/\/coronelxavierchaves.mg.gov.br\/prefeitura\/wp-content\/uploads\/2025\/02\/ARP-SUPRAPACK-11-2025.pdf\">ATA DE REGISTRO DE PRE\u00c7OS: SUPRAPACK<\/a>, publicado em 25\/02\/2025 \u00e0s 13:33h.<\/li>\n<\/ul>\n<\/li>\n<\/ul>\n<p style=\"font-weight: 400; text-align: center;\"><strong><u>AVISO DE LICITA\u00c7\u00c3O<\/u><\/strong><\/p>\n<p style=\"font-weight: 400; text-align: justify;\">O munic\u00edpio de Coronel Xavier Chaves\/MG torna p\u00fablico o Processo Licitat\u00f3rio 11\/2025, Preg\u00e3o Eletr\u00f4nico 08\/2025, para sele\u00e7\u00e3o da proposta mais vantajosa para a\u00a0<b>CONTRATA\u00c7\u00c3O DE EMPRESA PARA FORNECIMENTO PARCELADO DE FITILHO\u00a0<span lang=\"PT\">RETORCIDO, UTILIZADO NO ENFARDAMENTO E NA ORGANIZA\u00c7\u00c3O DOS MATERIAIS RECICL\u00c1VEIS TRIADOS NA USINA DE TRIAGEM, COMPOSTAGEM E CENTRO DE REFER\u00caNCIA EM EDUCA\u00c7\u00c3O AMBIENTAL \u201cJOS\u00c9 BENTO DE CASTRO\u201d<\/span><\/b>.\u00a0Limite de acolhimento das propostas: dia 10\/02\/2025 \u00e0s 07h59min.\u00a0DISPUTA: 10\/02\/2025, \u00e0s 08h30min, na Plataforma LICITAPP,\u00a0<a href=\"https:\/\/coronelxavierchaves.licitapp.com.br\/\" target=\"_blank\" rel=\"noopener\" data-saferedirecturl=\"https:\/\/www.google.com\/url?q=https:\/\/coronelxavierchaves.licitapp.com.br\/&amp;source=gmail&amp;ust=1738178188218000&amp;usg=AOvVaw1esscXQpmqjD7QzWtQ0xoE\">https:\/\/coronelxavierchaves.<wbr \/>licitapp.com.br\/\/<\/a>.\u00a0O edital est\u00e1 dispon\u00edvel no site\u00a0\u201c<a href=\"http:\/\/www.coronelxavierchaves.mg.gov.br\/\" target=\"_blank\" rel=\"noopener\" data-saferedirecturl=\"https:\/\/www.google.com\/url?q=http:\/\/www.coronelxavierchaves.mg.gov.br&amp;source=gmail&amp;ust=1738178188218000&amp;usg=AOvVaw0X9OWYitq-x2jxI4ldtQk5\">www.coronelxavierchaves.<wbr \/>mg.gov.br<\/a>&#8220;, mais informa\u00e7\u00f5es\u00a0na prefeitura municipal \u00e0 Rua Padre Reis, 84, Centro, Coronel Xavier Chaves\/MG, no hor\u00e1rio de 08h00min \u00e0s 12h00min e de 13h00min \u00e0s 16h00min. Tel.:\u00a0<a href=\"tel:%2832%29%203357-1235\" target=\"_blank\" rel=\"noopener\">(32) 3216-1053<\/a>\/ (32) 9 9199-6496 (<i>Whatsapp<\/i>). Coronel Xavier Chaves, 28 de janeiro de 2025. Juliana Jaques Camargos \u2013 Pregoeira.<\/p>\n<p>&nbsp;<\/p>\n<p>&nbsp;<\/p>\n<div class=\"printshowonly\">\n<p>*<b>PUBLICA\u00c7\u00c3O<\/b><\/p>\n<ul>\n<li>Um destaque desta publica\u00e7\u00e3o foi gerado na p\u00e1gina inicial do site, dispon\u00edvel at\u00e9 que demais publica\u00e7\u00f5es sejam realizadas.<\/li>\n<li>Uma publica\u00e7\u00e3o permanente foi feita na p\u00e1gina de Editais e Licita\u00e7\u00f5es.<\/li>\n<li>Link para acesso: http:\/\/coronelxavierchaves.mg.gov.br\/prefeitura\/wp-json\/wp\/v2\/posts\/22449<\/li>\n<\/ul>\n<\/div>\n","protected":false},"excerpt":{"rendered":"<p>DOWNLOADS EDITAL, publicado em 28\/01\/2025 \u00e0s 16:20h. ATA DE REGISTRO DE PRE\u00c7OS: SUPRAPACK, publicado em 25\/02\/2025 \u00e0s 13:33h. AVISO DE LICITA\u00c7\u00c3O O munic\u00edpio de Coronel Xavier Chaves\/MG torna p\u00fablico o Processo Licitat\u00f3rio 11\/2025, Preg\u00e3o Eletr\u00f4nico 08\/2025, para sele\u00e7\u00e3o da proposta mais vantajosa para a\u00a0CONTRATA\u00c7\u00c3O DE EMPRESA PARA FORNECIMENTO PARCELADO DE FITILHO\u00a0RETORCIDO, UTILIZADO NO ENFARDAMENTO E [&hellip;]<\/p>\n","protected":false},"author":3,"featured_media":4366,"comment_status":"open","ping_status":"open","sticky":false,"template":"","format":"standard","meta":{"footnotes":"","_links_to":"","_links_to_target":""},"categories":[135],"tags":[],"class_list":{"0":"post-22449","1":"post","2":"type-post","3":"status-publish","4":"format-standard","5":"has-post-thumbnail","7":"category-editais-de-licitacao-2025"},"_links":{"self":[{"href":"https:\/\/coronelxavierchaves.mg.gov.br\/prefeitura\/wp-json\/wp\/v2\/posts\/22449","targetHints":{"allow":["GET"]}}],"collection":[{"href":"https:\/\/coronelxavierchaves.mg.gov.br\/prefeitura\/wp-json\/wp\/v2\/posts"}],"about":[{"href":"https:\/\/coronelxavierchaves.mg.gov.br\/prefeitura\/wp-json\/wp\/v2\/types\/post"}],"author":[{"embeddable":true,"href":"https:\/\/coronelxavierchaves.mg.gov.br\/prefeitura\/wp-json\/wp\/v2\/users\/3"}],"replies":[{"embeddable":true,"href":"https:\/\/coronelxavierchaves.mg.gov.br\/prefeitura\/wp-json\/wp\/v2\/comments?post=22449"}],"version-history":[{"count":3,"href":"https:\/\/coronelxavierchaves.mg.gov.br\/prefeitura\/wp-json\/wp\/v2\/posts\/22449\/revisions"}],"predecessor-version":[{"id":22899,"href":"https:\/\/coronelxavierchaves.mg.gov.br\/prefeitura\/wp-json\/wp\/v2\/posts\/22449\/revisions\/22899"}],"wp:featuredmedia":[{"embeddable":true,"href":"https:\/\/coronelxavierchaves.mg.gov.br\/prefeitura\/wp-json\/wp\/v2\/media\/4366"}],"wp:attachment":[{"href":"https:\/\/coronelxavierchaves.mg.gov.br\/prefeitura\/wp-json\/wp\/v2\/media?parent=22449"}],"wp:term":[{"taxonomy":"category","embeddable":true,"href":"https:\/\/coronelxavierchaves.mg.gov.br\/prefeitura\/wp-json\/wp\/v2\/categories?post=22449"},{"taxonomy":"post_tag","embeddable":true,"href":"https:\/\/coronelxavierchaves.mg.gov.br\/prefeitura\/wp-json\/wp\/v2\/tags?post=22449"}],"curies":[{"name":"wp","href":"https:\/\/api.w.org\/{rel}","templated":true}]}}