{"id":22466,"date":"2025-01-29T15:26:33","date_gmt":"2025-01-29T18:26:33","guid":{"rendered":"https:\/\/coronelxavierchaves.mg.gov.br\/prefeitura\/?p=22466"},"modified":"2025-01-29T15:26:33","modified_gmt":"2025-01-29T18:26:33","slug":"retificado-edital-de-convocacao-processo-seletivo-003-2024-professor-de-apoio-especializado","status":"publish","type":"post","link":"https:\/\/coronelxavierchaves.mg.gov.br\/prefeitura\/2025\/01\/29\/retificado-edital-de-convocacao-processo-seletivo-003-2024-professor-de-apoio-especializado\/","title":{"rendered":"Edital de Convoca\u00e7\u00e3o Processo Seletivo 003\/2024: Professor de Apoio Especializado"},"content":{"rendered":"<p style=\"text-align: justify;\">\u00a0Edital de Convoca\u00e7\u00e3o do Processo Seletivo 003\/2024.<\/p>\n<ul>\n<li><a href=\"https:\/\/coronelxavierchaves.mg.gov.br\/prefeitura\/wp-content\/uploads\/2025\/01\/RETIFICACAO-EDITAL-DE-CONVOCACAO-PROFESSOR-APOIO-03-2024.pdf\">RETIFICA\u00c7\u00c3O<\/a>, publicado em 29\/01\/2025 \u00e0s 15:26h.<\/li>\n<li><a href=\"https:\/\/coronelxavierchaves.mg.gov.br\/prefeitura\/wp-content\/uploads\/2025\/01\/EDITAL-DE-CONVOCACAO-PROFESSOR-APOIO-RETIFICADO-03-2024.pdf\">EDITAL DE CONVOCA\u00c7\u00c3O: PROFESSOR DE APOIO ESPECIALIZADO<\/a>, publicado em 29\/01\/2025 \u00e0s 15:26h.<\/li>\n<\/ul>\n","protected":false},"excerpt":{"rendered":"<p>\u00a0Edital de Convoca\u00e7\u00e3o do Processo Seletivo 003\/2024. RETIFICA\u00c7\u00c3O, publicado em 29\/01\/2025 \u00e0s 15:26h. EDITAL DE CONVOCA\u00c7\u00c3O: PROFESSOR DE APOIO ESPECIALIZADO, publicado em 29\/01\/2025 \u00e0s 15:26h.<\/p>\n","protected":false},"author":3,"featured_media":4366,"comment_status":"open","ping_status":"open","sticky":false,"template":"","format":"standard","meta":{"footnotes":"","_links_to":"","_links_to_target":""},"categories":[137],"tags":[],"class_list":{"0":"post-22466","1":"post","2":"type-post","3":"status-publish","4":"format-standard","5":"has-post-thumbnail","7":"category-editais-de-convocacao-e-contratacao-2025"},"_links":{"self":[{"href":"https:\/\/coronelxavierchaves.mg.gov.br\/prefeitura\/wp-json\/wp\/v2\/posts\/22466","targetHints":{"allow":["GET"]}}],"collection":[{"href":"https:\/\/coronelxavierchaves.mg.gov.br\/prefeitura\/wp-json\/wp\/v2\/posts"}],"about":[{"href":"https:\/\/coronelxavierchaves.mg.gov.br\/prefeitura\/wp-json\/wp\/v2\/types\/post"}],"author":[{"embeddable":true,"href":"https:\/\/coronelxavierchaves.mg.gov.br\/prefeitura\/wp-json\/wp\/v2\/users\/3"}],"replies":[{"embeddable":true,"href":"https:\/\/coronelxavierchaves.mg.gov.br\/prefeitura\/wp-json\/wp\/v2\/comments?post=22466"}],"version-history":[{"count":1,"href":"https:\/\/coronelxavierchaves.mg.gov.br\/prefeitura\/wp-json\/wp\/v2\/posts\/22466\/revisions"}],"predecessor-version":[{"id":22470,"href":"https:\/\/coronelxavierchaves.mg.gov.br\/prefeitura\/wp-json\/wp\/v2\/posts\/22466\/revisions\/22470"}],"wp:featuredmedia":[{"embeddable":true,"href":"https:\/\/coronelxavierchaves.mg.gov.br\/prefeitura\/wp-json\/wp\/v2\/media\/4366"}],"wp:attachment":[{"href":"https:\/\/coronelxavierchaves.mg.gov.br\/prefeitura\/wp-json\/wp\/v2\/media?parent=22466"}],"wp:term":[{"taxonomy":"category","embeddable":true,"href":"https:\/\/coronelxavierchaves.mg.gov.br\/prefeitura\/wp-json\/wp\/v2\/categories?post=22466"},{"taxonomy":"post_tag","embeddable":true,"href":"https:\/\/coronelxavierchaves.mg.gov.br\/prefeitura\/wp-json\/wp\/v2\/tags?post=22466"}],"curies":[{"name":"wp","href":"https:\/\/api.w.org\/{rel}","templated":true}]}}