{"id":22491,"date":"2025-01-31T16:18:08","date_gmt":"2025-01-31T19:18:08","guid":{"rendered":"https:\/\/coronelxavierchaves.mg.gov.br\/prefeitura\/?p=22491"},"modified":"2025-11-14T15:10:23","modified_gmt":"2025-11-14T18:10:23","slug":"edital-de-credenciamento-pa-14-2025-inexigibilidade-no-02-2025-credenciamento-de-fornecedores-para-a-aquisicao-de-generos-alimenticios-da-agricultura-familiar-e-do-empreendedor-familiar-rural","status":"publish","type":"post","link":"https:\/\/coronelxavierchaves.mg.gov.br\/prefeitura\/2025\/01\/31\/edital-de-credenciamento-pa-14-2025-inexigibilidade-no-02-2025-credenciamento-de-fornecedores-para-a-aquisicao-de-generos-alimenticios-da-agricultura-familiar-e-do-empreendedor-familiar-rural\/","title":{"rendered":"Edital de Credenciamento (PA 14\/2025) Inexigibilidade n\u00ba 02\/2025 &#8211; Credenciamento de fornecedores para a aquisi\u00e7\u00e3o de g\u00eaneros aliment\u00edcios da agricultura familiar e do empreendedor familiar rural \u2013 PNAE"},"content":{"rendered":"<blockquote>\n<p style=\"text-align: center;\">DOWNLOADS<\/p>\n<\/blockquote>\n<ul>\n<li style=\"list-style-type: none;\">\n<ul>\n<li><a href=\"https:\/\/coronelxavierchaves.mg.gov.br\/prefeitura\/wp-content\/uploads\/2025\/01\/EDITAL-AGRICULTURA-FAMILIAR-2025-14-2025.pdf\">EDITAL<\/a>, publicado em 31\/01\/2025 \u00e0s 16:17h.<\/li>\n<li><a href=\"https:\/\/coronelxavierchaves.mg.gov.br\/prefeitura\/wp-content\/uploads\/2025\/02\/CONTRATO-ENEIA-14-2025.pdf\">CONTRATO: ENEIA<\/a>, publicado em 21\/02\/2025 \u00e0s 16:07h.<\/li>\n<li><a href=\"https:\/\/coronelxavierchaves.mg.gov.br\/prefeitura\/wp-content\/uploads\/2025\/02\/CONTRATO-LUCAS-14-2025.pdf\">CONTRATO: LUCAS<\/a>, publicado em 21\/02\/2025 \u00e0s 16:07h.<\/li>\n<li><a href=\"https:\/\/coronelxavierchaves.mg.gov.br\/prefeitura\/wp-content\/uploads\/2025\/02\/CONTRATO-SAMUEL-14-2025.pdf\">CONTRATO: SAMUEL<\/a>, publicado em 21\/02\/2025 \u00e0s 16:07h.<\/li>\n<li><a href=\"https:\/\/coronelxavierchaves.mg.gov.br\/prefeitura\/wp-content\/uploads\/2025\/02\/CONTRATO-VALDINEI-14-2025.pdf\">CONTRATO: VALDINEI<\/a>, publicado em 21\/02\/2025 \u00e0s 16:07h.<\/li>\n<li><a href=\"https:\/\/coronelxavierchaves.mg.gov.br\/prefeitura\/wp-content\/uploads\/2025\/03\/02-CONTRATO-publicar-2.pdf\">CONTRATO: MARIA NINFA<\/a>, publicado em 18\/03\/2025 \u00e0s 19:35h.<\/li>\n<li><a href=\"https:\/\/coronelxavierchaves.mg.gov.br\/prefeitura\/wp-content\/uploads\/2025\/01\/1o-TERMO-ADITIVO-ENEIA.pdf\">1\u00ba TERMO ADITIVO: ENEIA<\/a>, publicado em 14\/11\/2025 \u00e0s 15:10h.<\/li>\n<li><a href=\"https:\/\/coronelxavierchaves.mg.gov.br\/prefeitura\/wp-content\/uploads\/2025\/01\/1o-TERMO-ADITIVO-LUCAS.pdf\">1\u00ba TERMO ADITIVO: LUCAS<\/a>, publicado em 14\/11\/2025 \u00e0s 15:10h.<\/li>\n<\/ul>\n<\/li>\n<\/ul>\n<p>&nbsp;<\/p>\n<p style=\"font-weight: 400; text-align: center;\"><b>AVISO DE CREDENCIAMENTO<\/b><\/p>\n<p style=\"text-align: justify;\">O Munic\u00edpio de Coronel Xavier Chaves\/MG, situado na Rua Padre Reis, 84, Centro, CNPJ n\u00ba 18.557.546\/0001-03, torna p\u00fablico Edital de Credenciamento n\u00ba 02\/2025, Inexigibilidade n\u00ba 02\/2025, Processo Administrativo n\u00ba 14\/2025. Objeto: Credenciamento de fornecedores para a aquisi\u00e7\u00e3o direta de g\u00eaneros aliment\u00edcios da agricultura familiar\u00a0e\u00a0do\u00a0empreendedor\u00a0familiar\u00a0rural,\u00a0conforme\u00a0programa\u00a0nacional\u00a0de\u00a0alimenta\u00e7\u00e3o\u00a0escolar\u00a0\u2013\u00a0PNAE, para atender a rede municipal de ensino.<b>\u00a0<\/b>O edital e seus anexos encontram-se permanentemente dispon\u00edveis no site\u00a0<a href=\"https:\/\/coronelxavierchaves.mg.gov.br\/prefeitura\/\" target=\"_blank\" rel=\"noopener\" data-saferedirecturl=\"https:\/\/www.google.com\/url?q=https:\/\/coronelxavierchaves.mg.gov.br\/prefeitura\/&amp;source=gmail&amp;ust=1738437167196000&amp;usg=AOvVaw0h0hqnnrLnJ-6_MsuKLJHZ\">https:\/\/coronelxavierchaves.<wbr \/>mg.gov.br\/prefeitura\/<\/a>, Per\u00edodo de credenciamento:\u00a0<b>03\/02\/2025 a 31\/12\/2025.<\/b>\u00a0Coronel Xavier Chaves, 31 de janeiro de 2025. Juliana Jaques Camargos &#8211; Agente de Contrata\u00e7\u00e3o.<\/p>\n<p>&nbsp;<\/p>\n<div class=\"printshowonly\">\n<p>*<b>PUBLICA\u00c7\u00c3O<\/b><\/p>\n<ul>\n<li>Um destaque desta publica\u00e7\u00e3o foi gerado na p\u00e1gina inicial do site, dispon\u00edvel at\u00e9 que demais publica\u00e7\u00f5es sejam realizadas.<\/li>\n<li>Uma publica\u00e7\u00e3o permanente foi feita na p\u00e1gina de Editais e Licita\u00e7\u00f5es.<\/li>\n<li>Link para acesso: http:\/\/coronelxavierchaves.mg.gov.br\/prefeitura\/wp-json\/wp\/v2\/posts\/22491<\/li>\n<\/ul>\n<\/div>\n","protected":false},"excerpt":{"rendered":"<p>DOWNLOADS EDITAL, publicado em 31\/01\/2025 \u00e0s 16:17h. CONTRATO: ENEIA, publicado em 21\/02\/2025 \u00e0s 16:07h. CONTRATO: LUCAS, publicado em 21\/02\/2025 \u00e0s 16:07h. CONTRATO: SAMUEL, publicado em 21\/02\/2025 \u00e0s 16:07h. CONTRATO: VALDINEI, publicado em 21\/02\/2025 \u00e0s 16:07h. CONTRATO: MARIA NINFA, publicado em 18\/03\/2025 \u00e0s 19:35h. 1\u00ba TERMO ADITIVO: ENEIA, publicado em 14\/11\/2025 \u00e0s 15:10h. 1\u00ba TERMO ADITIVO: [&hellip;]<\/p>\n","protected":false},"author":3,"featured_media":4366,"comment_status":"closed","ping_status":"closed","sticky":false,"template":"","format":"standard","meta":{"footnotes":"","_links_to":"","_links_to_target":""},"categories":[135],"tags":[],"class_list":{"0":"post-22491","1":"post","2":"type-post","3":"status-publish","4":"format-standard","5":"has-post-thumbnail","7":"category-editais-de-licitacao-2025"},"_links":{"self":[{"href":"https:\/\/coronelxavierchaves.mg.gov.br\/prefeitura\/wp-json\/wp\/v2\/posts\/22491","targetHints":{"allow":["GET"]}}],"collection":[{"href":"https:\/\/coronelxavierchaves.mg.gov.br\/prefeitura\/wp-json\/wp\/v2\/posts"}],"about":[{"href":"https:\/\/coronelxavierchaves.mg.gov.br\/prefeitura\/wp-json\/wp\/v2\/types\/post"}],"author":[{"embeddable":true,"href":"https:\/\/coronelxavierchaves.mg.gov.br\/prefeitura\/wp-json\/wp\/v2\/users\/3"}],"replies":[{"embeddable":true,"href":"https:\/\/coronelxavierchaves.mg.gov.br\/prefeitura\/wp-json\/wp\/v2\/comments?post=22491"}],"version-history":[{"count":7,"href":"https:\/\/coronelxavierchaves.mg.gov.br\/prefeitura\/wp-json\/wp\/v2\/posts\/22491\/revisions"}],"predecessor-version":[{"id":25569,"href":"https:\/\/coronelxavierchaves.mg.gov.br\/prefeitura\/wp-json\/wp\/v2\/posts\/22491\/revisions\/25569"}],"wp:featuredmedia":[{"embeddable":true,"href":"https:\/\/coronelxavierchaves.mg.gov.br\/prefeitura\/wp-json\/wp\/v2\/media\/4366"}],"wp:attachment":[{"href":"https:\/\/coronelxavierchaves.mg.gov.br\/prefeitura\/wp-json\/wp\/v2\/media?parent=22491"}],"wp:term":[{"taxonomy":"category","embeddable":true,"href":"https:\/\/coronelxavierchaves.mg.gov.br\/prefeitura\/wp-json\/wp\/v2\/categories?post=22491"},{"taxonomy":"post_tag","embeddable":true,"href":"https:\/\/coronelxavierchaves.mg.gov.br\/prefeitura\/wp-json\/wp\/v2\/tags?post=22491"}],"curies":[{"name":"wp","href":"https:\/\/api.w.org\/{rel}","templated":true}]}}