{"id":22539,"date":"2025-02-06T16:24:17","date_gmt":"2025-02-06T19:24:17","guid":{"rendered":"https:\/\/coronelxavierchaves.mg.gov.br\/prefeitura\/?p=22539"},"modified":"2025-03-07T16:08:27","modified_gmt":"2025-03-07T19:08:27","slug":"manifestacao-de-interesse-para-dispensa-eletronica-pa-17-2025-contratacao-de-empresa-de-prestacao-de-servicos-especializados-em-cronometragem-esportiva-para-o-evento-de-corrida-circuito-rtr-2025","status":"publish","type":"post","link":"https:\/\/coronelxavierchaves.mg.gov.br\/prefeitura\/2025\/02\/06\/manifestacao-de-interesse-para-dispensa-eletronica-pa-17-2025-contratacao-de-empresa-de-prestacao-de-servicos-especializados-em-cronometragem-esportiva-para-o-evento-de-corrida-circuito-rtr-2025\/","title":{"rendered":"[Retificado] Manifesta\u00e7\u00e3o de interesse para dispensa eletr\u00f4nica (PA 17\/2025) &#8211; Contrata\u00e7\u00e3o de empresa de presta\u00e7\u00e3o de servi\u00e7os especializados em cronometragem esportiva para o evento de corrida Circuito RTR 2025"},"content":{"rendered":"<blockquote>\n<p style=\"text-align: center;\">DOWNLOADS<\/p>\n<\/blockquote>\n<ul>\n<li style=\"list-style-type: none;\">\n<ul>\n<li style=\"list-style-type: none;\">\n<ul>\n<li style=\"list-style-type: none;\">\n<ul>\n<li style=\"list-style-type: none;\">\n<ul>\n<li style=\"list-style-type: none;\">\n<ul>\n<li><del><a href=\"https:\/\/coronelxavierchaves.mg.gov.br\/prefeitura\/wp-content\/uploads\/2025\/02\/AVISO-DE-DISPENSA-17-2025.pdf\">AVISO DE DISPENSA<\/a>, publicado em 06\/02\/2025 \u00e0s 16:24h.<\/del> Retificado em 07\/02\/2025.<\/li>\n<li><del><a href=\"https:\/\/coronelxavierchaves.mg.gov.br\/prefeitura\/wp-content\/uploads\/2025\/02\/AVISO-DE-DISPENSA-retificado-17-2025.pdf\">AVISO DE DISPENSA RETIFICADO<\/a>, publicado em 07\/02\/2025 \u00e0s 12:04h.<\/del> Retificado em 07\/02\/2025.<\/li>\n<li><a href=\"https:\/\/coronelxavierchaves.mg.gov.br\/prefeitura\/wp-content\/uploads\/2025\/02\/ERRATA-17-2025.pdf\">ERRATA<\/a>, publicado em 07\/02\/2025 \u00e0s 13:59h.<\/li>\n<li><a href=\"https:\/\/coronelxavierchaves.mg.gov.br\/prefeitura\/wp-content\/uploads\/2025\/02\/AVISO-DE-DISPENSA-RETIFICADO-2-17-2025.pdf\">AVISO DE DISPENSA RETIFICADO 2<\/a>, publicado em 07\/02\/2025 \u00e0s 13:59h.<\/li>\n<li><a href=\"https:\/\/coronelxavierchaves.mg.gov.br\/prefeitura\/wp-content\/uploads\/2025\/02\/DECLARACAO-17-2025.pdf\">DECLARA\u00c7\u00c3O DE PROCESSO DESERTO<\/a>, publicado em 13\/02\/2025 \u00e0s 09:05h.<\/li>\n<li><a href=\"https:\/\/coronelxavierchaves.mg.gov.br\/prefeitura\/wp-content\/uploads\/2025\/03\/CONTRATO-17-2025.pdf\">CONTRATO<\/a>, publicado em 07\/03\/2025 \u00e0s 16:07h.<\/li>\n<\/ul>\n<\/li>\n<\/ul>\n<\/li>\n<\/ul>\n<\/li>\n<\/ul>\n<\/li>\n<\/ul>\n<\/li>\n<\/ul>\n<blockquote>\n<p style=\"text-align: center;\">OBJETO<\/p>\n<\/blockquote>\n<p style=\"text-align: justify;\"><b>CONTRATA\u00c7\u00c3O DE EMPRESA DE PRESTA\u00c7\u00c3O DE SERVI\u00c7OS ESPECIALIZADOS EM CRONOMETRAGEM ESPORTIVA PARA O EVENTO DE CORRIDA\u00a0<i>CIRCUITO RTR 2025<\/i>, QUE OCORRER\u00c1 NO DIA 6 DE ABRIL DE 2025, NO MUNIC\u00cdPIO DE CORONEL XAVIER CHAVES\/MG, EM CONFORMIDADE COM A DEMANDA DA SECRETARIA MUNICIPAL DE TURISMO, CULTURA, ESPORTE E LAZER.<\/b><\/p>\n<blockquote>\n<p style=\"text-align: center;\">MANIFESTA\u00c7\u00c3O DE INTERESSE PARA DISPENSA ELETR\u00d4NICA<\/p>\n<\/blockquote>\n<p style=\"font-weight: 400; text-align: justify;\">Prefeitura Municipal de Coronel Xavier Chaves\/MG. Manifesta\u00e7\u00e3o de interesse para Dispensa Eletr\u00f4nica\u00a0<strong>&#8211; Processo Administrativo \u2013 17\/2025, Dispensa Eletr\u00f4nica \u2013 04\/2025, do tipo\u00a0<u>Menor Pre\u00e7o por Item.<\/u>\u00a0Objeto:\u00a0<\/strong><strong>CONTRATA\u00c7\u00c3O DE EMPRESA DE PRESTA\u00c7\u00c3O DE SERVI\u00c7OS ESPECIALIZADOS EM CRONOMETRAGEM ESPORTIVA PARA O EVENTO DE CORRIDA\u00a0<em>CIRCUITO RTR 2025<\/em>, QUE OCORRER\u00c1 NO DIA 6 DE ABRIL DE 2025, NO MUNIC\u00cdPIO DE CORONEL XAVIER CHAVES\/MG, EM CONFORMIDADE COM A DEMANDA DA SECRETARIA MUNICIPAL DE TURISMO, CULTURA, ESPORTE E LAZER.<\/strong> Limite de acolhimento das propostas: dia 13\/02\/2025 \u00e0s 07h59min. <strong>DISPUTA: 13\/02\/2025, das 08h30min \u00e0s 09h30min,<\/strong>\u00a0na Plataforma LICITAPP,\u00a0<a href=\"https:\/\/coronelxavierchaves.licitapp.com.br\/\" data-saferedirecturl=\"https:\/\/www.google.com\/url?q=https:\/\/coronelxavierchaves.licitapp.com.br\/&amp;source=gmail&amp;ust=1738955905668000&amp;usg=AOvVaw0YLVrqvP-NndBytMd_sfbS\">https:\/\/coronelxavierchaves.licitapp.com.br\/\/<\/a>.\u00a0O edital de Manifesta\u00e7\u00e3o de interesse para Dispensa Eletr\u00f4nica est\u00e1 dispon\u00edvel no site\u00a0\u201c<a href=\"http:\/\/www.coronelxavierchaves.mg.gov.br\/\" data-saferedirecturl=\"https:\/\/www.google.com\/url?q=http:\/\/www.coronelxavierchaves.mg.gov.br&amp;source=gmail&amp;ust=1738955905668000&amp;usg=AOvVaw0TU_z0LxUTcwOHEf9HOPyM\">www.coronelxavierchaves.mg.gov.br<\/a>&#8220;, mais informa\u00e7\u00f5es\u00a0na prefeitura municipal \u00e0 Rua Padre Reis, 84, Centro, Coronel Xavier Chaves\/MG, no hor\u00e1rio de 08h00min \u00e0s 12h00min e de 13h00min \u00e0s 16h00min. Tel.:\u00a0<a href=\"tel:%2832%29%203357-1235\">(32) 3216-1053<\/a>\u00a0(<em>Ramais 109 e 110<\/em>)\/ (32) 9 9199-6496 (<em>Whatsapp<\/em>). Coronel Xavier Chaves, 06 de fevereiro de 2025. Juliana Jaques Camargos \u2013 Agente de Contrata\u00e7\u00e3o.<\/p>\n<p>&#8212;&#8211;<\/p>\n<p>&nbsp;<\/p>\n<div class=\"printshowonly\">\n<p>*<b>PUBLICA\u00c7\u00c3O<\/b><\/p>\n<ul>\n<li>Um destaque desta publica\u00e7\u00e3o foi gerado na p\u00e1gina inicial do site, dispon\u00edvel at\u00e9 que demais publica\u00e7\u00f5es sejam realizadas.<\/li>\n<li>Uma publica\u00e7\u00e3o permanente foi feita na p\u00e1gina de Editais e Licita\u00e7\u00f5es.<\/li>\n<li>Link para acesso: http:\/\/coronelxavierchaves.mg.gov.br\/prefeitura\/wp-json\/wp\/v2\/posts\/22539<\/li>\n<\/ul>\n<\/div>\n","protected":false},"excerpt":{"rendered":"<p>DOWNLOADS AVISO DE DISPENSA, publicado em 06\/02\/2025 \u00e0s 16:24h. Retificado em 07\/02\/2025. AVISO DE DISPENSA RETIFICADO, publicado em 07\/02\/2025 \u00e0s 12:04h. Retificado em 07\/02\/2025. ERRATA, publicado em 07\/02\/2025 \u00e0s 13:59h. AVISO DE DISPENSA RETIFICADO 2, publicado em 07\/02\/2025 \u00e0s 13:59h. DECLARA\u00c7\u00c3O DE PROCESSO DESERTO, publicado em 13\/02\/2025 \u00e0s 09:05h. CONTRATO, publicado em 07\/03\/2025 \u00e0s 16:07h. [&hellip;]<\/p>\n","protected":false},"author":3,"featured_media":4366,"comment_status":"open","ping_status":"open","sticky":false,"template":"","format":"standard","meta":{"footnotes":"","_links_to":"","_links_to_target":""},"categories":[135],"tags":[],"class_list":{"0":"post-22539","1":"post","2":"type-post","3":"status-publish","4":"format-standard","5":"has-post-thumbnail","7":"category-editais-de-licitacao-2025"},"_links":{"self":[{"href":"https:\/\/coronelxavierchaves.mg.gov.br\/prefeitura\/wp-json\/wp\/v2\/posts\/22539","targetHints":{"allow":["GET"]}}],"collection":[{"href":"https:\/\/coronelxavierchaves.mg.gov.br\/prefeitura\/wp-json\/wp\/v2\/posts"}],"about":[{"href":"https:\/\/coronelxavierchaves.mg.gov.br\/prefeitura\/wp-json\/wp\/v2\/types\/post"}],"author":[{"embeddable":true,"href":"https:\/\/coronelxavierchaves.mg.gov.br\/prefeitura\/wp-json\/wp\/v2\/users\/3"}],"replies":[{"embeddable":true,"href":"https:\/\/coronelxavierchaves.mg.gov.br\/prefeitura\/wp-json\/wp\/v2\/comments?post=22539"}],"version-history":[{"count":10,"href":"https:\/\/coronelxavierchaves.mg.gov.br\/prefeitura\/wp-json\/wp\/v2\/posts\/22539\/revisions"}],"predecessor-version":[{"id":22945,"href":"https:\/\/coronelxavierchaves.mg.gov.br\/prefeitura\/wp-json\/wp\/v2\/posts\/22539\/revisions\/22945"}],"wp:featuredmedia":[{"embeddable":true,"href":"https:\/\/coronelxavierchaves.mg.gov.br\/prefeitura\/wp-json\/wp\/v2\/media\/4366"}],"wp:attachment":[{"href":"https:\/\/coronelxavierchaves.mg.gov.br\/prefeitura\/wp-json\/wp\/v2\/media?parent=22539"}],"wp:term":[{"taxonomy":"category","embeddable":true,"href":"https:\/\/coronelxavierchaves.mg.gov.br\/prefeitura\/wp-json\/wp\/v2\/categories?post=22539"},{"taxonomy":"post_tag","embeddable":true,"href":"https:\/\/coronelxavierchaves.mg.gov.br\/prefeitura\/wp-json\/wp\/v2\/tags?post=22539"}],"curies":[{"name":"wp","href":"https:\/\/api.w.org\/{rel}","templated":true}]}}