{"id":22558,"date":"2025-02-07T16:23:27","date_gmt":"2025-02-07T19:23:27","guid":{"rendered":"https:\/\/coronelxavierchaves.mg.gov.br\/prefeitura\/?p=22558"},"modified":"2025-02-07T16:23:27","modified_gmt":"2025-02-07T19:23:27","slug":"1o-termo-de-realinhamento-de-precos-pl-97-2024-registro-de-precos-para-aquisicao-de-pneus-novos-primeira-vida-devidamente-certificados-pelo-inmetro-lucas-lorenzo","status":"publish","type":"post","link":"https:\/\/coronelxavierchaves.mg.gov.br\/prefeitura\/2025\/02\/07\/1o-termo-de-realinhamento-de-precos-pl-97-2024-registro-de-precos-para-aquisicao-de-pneus-novos-primeira-vida-devidamente-certificados-pelo-inmetro-lucas-lorenzo\/","title":{"rendered":"1\u00ba Termo de Realinhamento de Pre\u00e7os (PL 97\/2024) &#8211; Registro de pre\u00e7os para aquisi\u00e7\u00e3o de pneus novos (primeira vida), devidamente certificados pelo Inmetro&#8230; &#8211; LUCAS LORENZO"},"content":{"rendered":"<blockquote><p>DOWNLOADS<\/p><\/blockquote>\n<ul>\n<li><a href=\"https:\/\/coronelxavierchaves.mg.gov.br\/prefeitura\/wp-content\/uploads\/2025\/02\/1o-TERMO-REALINHAMENTO-LUCAS-LOURENCO-97-2024.pdf\">1\u00ba TERMO REALINHAMENTO: LUCAS LORENZO<\/a>, publicado em 07\/02\/2025 \u00e0s 16:23h.<\/li>\n<\/ul>\n<blockquote><p>OBJETO<\/p><\/blockquote>\n<div style=\"text-align: justify;\">\n<div style=\"text-align: justify;\">\n<p><b>AQUISI\u00c7\u00c3O DE PNEUS NOVOS (PRIMEIRA VIDA), DEVIDAMENTE CERTIFICADOS PELO INMETRO, PARA MANUTEN\u00c7\u00c3O DOS VE\u00cdCULOS DA FROTA DA PREFEITURA MUNICIPAL DE CORONEL XAVIER CHAVES \/ MG.<\/b><\/p>\n<p>&nbsp;<\/p>\n<\/div>\n<\/div>\n<div class=\"printshowonly\">\n<p>*<b>PUBLICA\u00c7\u00c3O<\/b><\/p>\n<ul>\n<li>Um destaque desta publica\u00e7\u00e3o foi gerado na p\u00e1gina inicial do site, dispon\u00edvel at\u00e9 que demais publica\u00e7\u00f5es sejam realizadas.<\/li>\n<li>Uma publica\u00e7\u00e3o permanente foi feita na p\u00e1gina de Editais e Licita\u00e7\u00f5es.<\/li>\n<li>Link para acesso:http:\/\/coronelxavierchaves.mg.gov.br\/prefeitura\/wp-json\/wp\/v2\/posts\/22558<\/li>\n<\/ul>\n<\/div>\n","protected":false},"excerpt":{"rendered":"<p>DOWNLOADS 1\u00ba TERMO REALINHAMENTO: LUCAS LORENZO, publicado em 07\/02\/2025 \u00e0s 16:23h. OBJETO AQUISI\u00c7\u00c3O DE PNEUS NOVOS (PRIMEIRA VIDA), DEVIDAMENTE CERTIFICADOS PELO INMETRO, PARA MANUTEN\u00c7\u00c3O DOS VE\u00cdCULOS DA FROTA DA PREFEITURA MUNICIPAL DE CORONEL XAVIER CHAVES \/ MG. &nbsp; *PUBLICA\u00c7\u00c3O Um destaque desta publica\u00e7\u00e3o foi gerado na p\u00e1gina inicial do site, dispon\u00edvel at\u00e9 que demais publica\u00e7\u00f5es [&hellip;]<\/p>\n","protected":false},"author":3,"featured_media":4367,"comment_status":"open","ping_status":"open","sticky":false,"template":"","format":"standard","meta":{"footnotes":"","_links_to":"","_links_to_target":""},"categories":[139],"tags":[],"class_list":{"0":"post-22558","1":"post","2":"type-post","3":"status-publish","4":"format-standard","5":"has-post-thumbnail","7":"category-contratos-aditivos-atas-e-outros-2025"},"_links":{"self":[{"href":"https:\/\/coronelxavierchaves.mg.gov.br\/prefeitura\/wp-json\/wp\/v2\/posts\/22558","targetHints":{"allow":["GET"]}}],"collection":[{"href":"https:\/\/coronelxavierchaves.mg.gov.br\/prefeitura\/wp-json\/wp\/v2\/posts"}],"about":[{"href":"https:\/\/coronelxavierchaves.mg.gov.br\/prefeitura\/wp-json\/wp\/v2\/types\/post"}],"author":[{"embeddable":true,"href":"https:\/\/coronelxavierchaves.mg.gov.br\/prefeitura\/wp-json\/wp\/v2\/users\/3"}],"replies":[{"embeddable":true,"href":"https:\/\/coronelxavierchaves.mg.gov.br\/prefeitura\/wp-json\/wp\/v2\/comments?post=22558"}],"version-history":[{"count":1,"href":"https:\/\/coronelxavierchaves.mg.gov.br\/prefeitura\/wp-json\/wp\/v2\/posts\/22558\/revisions"}],"predecessor-version":[{"id":22560,"href":"https:\/\/coronelxavierchaves.mg.gov.br\/prefeitura\/wp-json\/wp\/v2\/posts\/22558\/revisions\/22560"}],"wp:featuredmedia":[{"embeddable":true,"href":"https:\/\/coronelxavierchaves.mg.gov.br\/prefeitura\/wp-json\/wp\/v2\/media\/4367"}],"wp:attachment":[{"href":"https:\/\/coronelxavierchaves.mg.gov.br\/prefeitura\/wp-json\/wp\/v2\/media?parent=22558"}],"wp:term":[{"taxonomy":"category","embeddable":true,"href":"https:\/\/coronelxavierchaves.mg.gov.br\/prefeitura\/wp-json\/wp\/v2\/categories?post=22558"},{"taxonomy":"post_tag","embeddable":true,"href":"https:\/\/coronelxavierchaves.mg.gov.br\/prefeitura\/wp-json\/wp\/v2\/tags?post=22558"}],"curies":[{"name":"wp","href":"https:\/\/api.w.org\/{rel}","templated":true}]}}