{"id":22636,"date":"2025-02-13T08:13:15","date_gmt":"2025-02-13T11:13:15","guid":{"rendered":"https:\/\/coronelxavierchaves.mg.gov.br\/prefeitura\/?p=22636"},"modified":"2026-02-02T07:56:55","modified_gmt":"2026-02-02T10:56:55","slug":"leis-municipais-2025-2","status":"publish","type":"post","link":"https:\/\/coronelxavierchaves.mg.gov.br\/prefeitura\/2025\/02\/13\/leis-municipais-2025-2\/","title":{"rendered":"LEIS MUNICIPAIS 2025"},"content":{"rendered":"<ul>\n<li><a href=\"https:\/\/coronelxavierchaves.mg.gov.br\/prefeitura\/wp-content\/uploads\/2025\/02\/Lei-no-1503-Complementar.pdf\">Lei n\u00ba 1503 &#8211; Complementar<\/a> &#8211; &#8220;Altera a estrutura administrativa da Prefeitura Municipal e d\u00e1 outras provid\u00eancias&#8221;.<\/li>\n<li><a href=\"https:\/\/coronelxavierchaves.mg.gov.br\/prefeitura\/wp-content\/uploads\/2025\/02\/Lei-no-1504-2025-Complementar.pdf\">Lei n\u00ba 1504-2025 Complementar<\/a> &#8211; &#8220;Altera Lei Municipal n\u00ba 1076 de 15 de Abril de 2014, fixa novo valor de vale alimenta\u00e7\u00e3o.&#8221;<\/li>\n<li><a href=\"https:\/\/coronelxavierchaves.mg.gov.br\/prefeitura\/wp-content\/uploads\/2025\/02\/Lei-no-1505-2025-Complementar.pdf\">Lei n\u00ba 1505-2025 Complementar<\/a> &#8211; &#8220;Autoriza a corre\u00e7\u00e3o de vencimentos, proventos e pens\u00f5es dos servidores p\u00fablicos municipais.&#8221;<\/li>\n<li><a href=\"https:\/\/coronelxavierchaves.mg.gov.br\/prefeitura\/wp-content\/uploads\/2025\/02\/Lei-no-1506-2025.pdf\">Lei n\u00ba 1506-2025<\/a> &#8211; &#8220;Autoriza abertura de cr\u00e9dito especial e d\u00e1 outras provid\u00eancias.&#8221;<\/li>\n<li><a href=\"https:\/\/coronelxavierchaves.mg.gov.br\/prefeitura\/wp-content\/uploads\/2025\/02\/Lei-no-1507-2025-Complementar.pdf\">Lei n\u00ba 1507-2025 Complementar<\/a> &#8211; &#8220;Concede reajuste salarial aos servidores p\u00fablicos da C\u00e2mara Municipal de Coronel Xavier Chaves.&#8221;<\/li>\n<li><a href=\"https:\/\/coronelxavierchaves.mg.gov.br\/prefeitura\/wp-content\/uploads\/2025\/02\/Lei-no-1508-2025-Complementar.pdf\">Lei n\u00ba 1508-2025 Complementar<\/a> &#8211; &#8220;Altera a estrutura administrativa da Prefeitura Municipal institu\u00edda pela Lei n\u00ba1170 de 03 de Julho de 2017.&#8221;<\/li>\n<li><a href=\"https:\/\/coronelxavierchaves.mg.gov.br\/prefeitura\/wp-content\/uploads\/2025\/02\/Lei-no-1509-2025-Complementar.pdf\">Lei n\u00ba 1509-2025 Complementar<\/a> &#8211; &#8220;Disp\u00f5e sobre a reestrutura\u00e7\u00e3o da carreira de m\u00e9dicos especialistas do Munic\u00edpio.&#8221;<\/li>\n<li><a href=\"https:\/\/coronelxavierchaves.mg.gov.br\/prefeitura\/wp-content\/uploads\/2025\/02\/Lei-no-1510-2025.pdf\">Lei n\u00ba 1510-2025<\/a> &#8211; &#8220;Altera reda\u00e7\u00e3o de artigos da Lei Municipal n\u00ba 767, de 26 outubro de 2007 e d\u00e1 outras provid\u00eancias.&#8221;<\/li>\n<li><a href=\"https:\/\/coronelxavierchaves.mg.gov.br\/prefeitura\/wp-content\/uploads\/2025\/02\/Lei-no-1511-2025.pdf\">Lei n\u00ba 1511-2025<\/a> &#8211; &#8220;Disp\u00f5e sobre a concess\u00e3o de aux\u00edlio financeiro para blocos carnavalescos sem personalidade jur\u00eddica.&#8221;<\/li>\n<li><a href=\"https:\/\/coronelxavierchaves.mg.gov.br\/prefeitura\/wp-content\/uploads\/2025\/02\/Lei-no-1512-2025.pdf\">Lei n\u00ba 1512-2025<\/a> &#8211; &#8220;Autoriza a assinatura de Conv\u00eanio com o CISVER.&#8221;<\/li>\n<li><a href=\"https:\/\/coronelxavierchaves.mg.gov.br\/prefeitura\/wp-content\/uploads\/2025\/02\/Lei-no-1513-2025.pdf\">Lei n\u00ba 1513-2025<\/a> &#8211; &#8220;Autoriza assinatura de conv\u00eanio e concess\u00e3o de subven\u00e7\u00e3o \u00e0 Associa\u00e7\u00e3o Filhas de S\u00e3o Camilo.&#8221;<\/li>\n<li><a href=\"https:\/\/coronelxavierchaves.mg.gov.br\/prefeitura\/wp-content\/uploads\/2025\/02\/Lei-no-1514-2025-Complementar.pdf\">Lei n\u00ba 1514-2025 Complementar<\/a> &#8211; &#8220;Altera a Lei Municipal n\u00ba 977 de 08 de novembro de 2011, e d\u00e1 outras provid\u00eancias.&#8221;<\/li>\n<li><a href=\"https:\/\/coronelxavierchaves.mg.gov.br\/prefeitura\/wp-content\/uploads\/2025\/02\/Lei-no-1515-2025.pdf\">Lei n\u00ba 1515-2025<\/a> &#8211; &#8220;Autoriza contribui\u00e7\u00e3o financeira especial \u00e0 Associa\u00e7\u00e3o do Circuito Tur\u00edstico Trilha dos Inconfidentes para o Programa &#8220;Caminhos de S\u00e3o Tiago&#8221;.&#8221;<\/li>\n<li><a href=\"https:\/\/coronelxavierchaves.mg.gov.br\/prefeitura\/wp-content\/uploads\/2025\/02\/Lei-no-1516-2025.pdf\">Lei n\u00ba 1516-2025<\/a> &#8211; &#8220;Institui transpar\u00eancia em eventos.&#8221;<\/li>\n<li><a href=\"https:\/\/coronelxavierchaves.mg.gov.br\/prefeitura\/wp-content\/uploads\/2025\/02\/Lei-no-1517-2025.pdf\">Lei n\u00ba 1517-2025<\/a> &#8211; &#8220;Isen\u00e7\u00e3o de pagamento taxa inscri\u00e7\u00e3o concursos e processos seletivo para portador de defici\u00eancia.&#8221;<\/li>\n<li><a href=\"https:\/\/coronelxavierchaves.mg.gov.br\/prefeitura\/wp-content\/uploads\/2025\/02\/Lei-no-1518-2025.pdf\">Lei n\u00ba 1518-2025<\/a> &#8211; &#8220;Denomina\u00e7\u00e3o do Plen\u00e1rio da C\u00e2mara.&#8221;<\/li>\n<li><a href=\"https:\/\/coronelxavierchaves.mg.gov.br\/prefeitura\/wp-content\/uploads\/2025\/02\/Lei-no-1519-2025.pdf\">Lei n\u00ba 1519-2025<\/a> &#8211; &#8220;Autoriza abertura de cr\u00e9dito especial e d\u00e1 outras provid\u00eancias.&#8221;<\/li>\n<li><a href=\"https:\/\/coronelxavierchaves.mg.gov.br\/prefeitura\/wp-content\/uploads\/2025\/02\/Lei-no-1520-2025-Complementar.pdf\">Lei n\u00ba 1520-2025 &#8211; Complementar<\/a> &#8211; &#8220;Cria vagas que especifica e d\u00e1 outras provid\u00eancias.&#8221;<\/li>\n<li><a href=\"https:\/\/coronelxavierchaves.mg.gov.br\/prefeitura\/wp-content\/uploads\/2025\/02\/LEI-no-1521-abertura-de-credito-especial-PASSAGEM-ESTAGIARIO-EDUCACAO.pdf\">Lei n\u00ba 1521-2025<\/a> &#8211; &#8220;Autoriza abertura de cr\u00e9dito especial e d\u00e1 outras provid\u00eancias.&#8221;<\/li>\n<li><a href=\"https:\/\/coronelxavierchaves.mg.gov.br\/prefeitura\/wp-content\/uploads\/2025\/02\/Lei-no-1522-2025-Educacao-Filiacao-UNDIME.pdf\">Lei n\u00ba 1522-2025<\/a> &#8211; &#8220;Autoriza a filia\u00e7\u00e3o do Munic\u00edpio de Coronel Xavier Chaves \u00e0 Uni\u00e3o dos Dirigentes Municipais de Educa\u00e7\u00e3o &#8211; UNDIME\/MG.&#8221;<\/li>\n<li><a href=\"https:\/\/coronelxavierchaves.mg.gov.br\/prefeitura\/wp-content\/uploads\/2025\/02\/Lei-no-1523-2025-Educacao-Altera-a-lei-1513-Convenio-e-Plano-de-Trabalho-Associacao-de-Sao-Camilo.pdf\">Lei n\u00ba 1523-2025<\/a> &#8211; &#8221; &#8211; Educa\u00e7\u00e3o &#8211; &#8220;Altera a Lei n\u00ba 1513 Conv\u00eanio e Plano de Trabalho Associa\u00e7\u00e3o de S\u00e3o Camilo.&#8221;<\/li>\n<li><a href=\"https:\/\/coronelxavierchaves.mg.gov.br\/prefeitura\/wp-content\/uploads\/2025\/02\/Lei-no-1524-2025-Contratacao-de-MEI.pdf\">Lei n\u00ba 1524-2025<\/a> &#8211; &#8220;Autoriza\u00e7\u00e3o a Administra\u00e7\u00e3o P\u00fablica Municipal a realizar a contrata\u00e7\u00e3o direta de Microempreendedores Individuais (MEIs).&#8221;<\/li>\n<li><a href=\"https:\/\/coronelxavierchaves.mg.gov.br\/prefeitura\/wp-content\/uploads\/2025\/02\/Lei-no-1525.pdf\">Lei n\u00ba 1525-2025<\/a> &#8211; &#8220;Institui a Rua do Lazer na zona rural do Munic\u00edpio de Coronel Xavier Chaves e d\u00e1 outras provid\u00eancias.&#8221;<\/li>\n<li><a href=\"https:\/\/coronelxavierchaves.mg.gov.br\/prefeitura\/wp-content\/uploads\/2025\/02\/Lei-n\u00b0-1.526.pdf\">Lei n\u00ba 1526-2025<\/a> &#8211; &#8220;Cria vaga de cargo de oper\u00e1rio I e extingue Auxiliar de Servi\u00e7os Gerais.&#8221;<\/li>\n<li><a href=\"https:\/\/coronelxavierchaves.mg.gov.br\/prefeitura\/wp-content\/uploads\/2025\/02\/Lei-n\u00b0-1.527.pdf\">Lei n\u00ba 1527-2025<\/a> &#8211; &#8220;Disp\u00f5e sobre as diretrizes para a Lei Or\u00e7ament\u00e1ria de 2026.&#8221;<\/li>\n<li><a href=\"https:\/\/coronelxavierchaves.mg.gov.br\/prefeitura\/wp-content\/uploads\/2025\/02\/Lei-n\u00b0-1.528.pdf\">Lei n\u00ba 1528-2025<\/a> &#8211; &#8220;Altera a contribui\u00e7\u00e3o para a Associa\u00e7\u00e3o do Circuito Tur\u00edstico Trilha dos Inconfidentes.&#8221;<\/li>\n<li><a href=\"https:\/\/coronelxavierchaves.mg.gov.br\/prefeitura\/wp-content\/uploads\/2025\/02\/Lei-no-1529.pdf\">Lei n\u00ba 1529-2025<\/a> &#8211; &#8220;Institui a coleta domiciliar de sangue para idosos e pessoas com incapacidade de locomo\u00e7\u00e3o.&#8221;<\/li>\n<li><a href=\"https:\/\/coronelxavierchaves.mg.gov.br\/prefeitura\/wp-content\/uploads\/2025\/02\/Lei-no-1530.pdf\">Lei n\u00ba 1530-2025<\/a> &#8211; &#8220;Institui no Munic\u00edpio o m\u00eas &#8216;Junho Vermelho&#8217;.&#8221;<\/li>\n<li><a href=\"https:\/\/coronelxavierchaves.mg.gov.br\/prefeitura\/wp-content\/uploads\/2025\/02\/Lei-no-1531.pdf\">Lei n\u00ba 1531-2025<\/a> &#8211; &#8220;Autoriza abertura de cr\u00e9dito especial destinado ao VACIMOVEL.&#8221;<\/li>\n<li><a href=\"https:\/\/coronelxavierchaves.mg.gov.br\/prefeitura\/wp-content\/uploads\/2025\/02\/Lei-no-1532.pdf\">Lei n\u00ba 1532-2025<\/a> &#8211; &#8220;Autoriza abertura de cr\u00e9dito especial para a Lei Aldir Blanc &#8211; Equipamentos.&#8221;<\/li>\n<li><a href=\"https:\/\/coronelxavierchaves.mg.gov.br\/prefeitura\/wp-content\/uploads\/2025\/02\/Lei-no-1533-Complementar.pdf\">Lei n\u00ba 1533-2025 &#8211; Complementar<\/a>&#8211; &#8220;Altera normas de avalia\u00e7\u00e3o e consulta para nomea\u00e7\u00e3o diretores e vice.&#8221;<\/li>\n<li><a href=\"https:\/\/coronelxavierchaves.mg.gov.br\/prefeitura\/wp-content\/uploads\/2025\/02\/Lei-no-1534-2025.pdf\">Lei n\u00ba 1534-2025<\/a> &#8211; &#8220;Cr\u00e9dito suplementar coopera\u00e7\u00e3o t\u00e9cnica TRE-MG.&#8221;<\/li>\n<li><a href=\"https:\/\/coronelxavierchaves.mg.gov.br\/prefeitura\/wp-content\/uploads\/2025\/02\/Lei-no-1535-2025-Complementar.pdf\">Lei n\u00ba 1535-2025 &#8211; Complementar<\/a> &#8211; &#8220;Altera a Lei Complementar n\u00ba 1454-2023.&#8221;<\/li>\n<li><a href=\"https:\/\/coronelxavierchaves.mg.gov.br\/prefeitura\/wp-content\/uploads\/2025\/02\/Lei-no-1536-2025-Complementar.pdf\">Lei n\u00ba 1536-2025 &#8211; Complementar<\/a> &#8211; &#8220;Altera\u00e7\u00e3o Art. 87 da Lei 1456 Estatuto dos Servidores Coronel Xavier Chaves.&#8221;<\/li>\n<li><a href=\"https:\/\/coronelxavierchaves.mg.gov.br\/prefeitura\/wp-content\/uploads\/2025\/02\/Lei-no-1537-2025.pdf\">Lei n\u00ba 1537-2025<\/a> &#8211; &#8220;Question\u00e1rio M-CHAT rastreamento de sinais precoces do autismo.&#8221;<\/li>\n<li><a href=\"https:\/\/coronelxavierchaves.mg.gov.br\/prefeitura\/wp-content\/uploads\/2025\/02\/Lei-no-1538-2025.pdf\">Lei n\u00ba 1538-2025<\/a> &#8211; &#8220;Autoriza abertura de cr\u00e9dito suplementar.&#8221;<\/li>\n<li><a href=\"https:\/\/coronelxavierchaves.mg.gov.br\/prefeitura\/wp-content\/uploads\/2025\/02\/Lei-no-1539-2025.pdf\">Lei n\u00ba 1539-2025<\/a> &#8211; &#8220;Altera as Lei Municipais 1482 e 1500 de 2024.&#8221;<\/li>\n<li><a href=\"https:\/\/coronelxavierchaves.mg.gov.br\/prefeitura\/wp-content\/uploads\/2025\/02\/Lei-no-1540-2025-Complementar.pdf\">Lei n\u00ba 1540-2025 &#8211; Complementar<\/a> &#8211; &#8220;Cria vaga para cargo efetivo de Farmac\u00eautico.&#8221;<\/li>\n<li><a href=\"https:\/\/coronelxavierchaves.mg.gov.br\/prefeitura\/wp-content\/uploads\/2025\/02\/Lei-no-1541-2025-Complementar.pdf\">Lei n\u00ba 1541-2025 &#8211; Complementar<\/a> &#8211; &#8220;Cria vaga tempor\u00e1ria de Professor Apoio.&#8221;<\/li>\n<li><a href=\"https:\/\/coronelxavierchaves.mg.gov.br\/prefeitura\/wp-content\/uploads\/2025\/02\/Lei-no-1542-Complementar-Altera-a-Lei-1225-2018-Novo-Codigo-Tributario.pdf\">Lei n\u00ba 1542-2025 &#8211; Complementar<\/a> &#8211; &#8220;Altera a Lei Municipal 1225, de 26 de novembro de 2024.&#8221;<\/li>\n<li><a href=\"https:\/\/coronelxavierchaves.mg.gov.br\/prefeitura\/wp-content\/uploads\/2025\/02\/Lei-no-1543-Altera-artigos-da-Lei-1184-2017-COMPDEC.pdf\">Lei n\u00ba 1543-2025<\/a> &#8211; &#8220;Altera reda\u00e7\u00e3o de artigos da Lei Municipal n\u00ba 1184, de 28 setembro de 2017 e d\u00e1 outras provid\u00eancias.&#8221;<\/li>\n<li><a href=\"https:\/\/coronelxavierchaves.mg.gov.br\/prefeitura\/wp-content\/uploads\/2025\/02\/Lei-no-1544-Altera-LDO-2026.pdf\">Lei n\u00ba 1544-2025<\/a> &#8211; &#8220;Altera a Lei Municipal 1527, de 30 de julho de 2025 &#8211; LDO 2026.&#8221;<\/li>\n<li><a href=\"https:\/\/coronelxavierchaves.mg.gov.br\/prefeitura\/wp-content\/uploads\/2025\/02\/Lei-no-1545.pdf\">Lei n\u00ba 1545-2025<\/a> &#8211; &#8220;Concede isen\u00e7\u00e3o de IPTU \u00e0s pessoas idosas e aos portadores de doen\u00e7as graves.&#8221;<\/li>\n<li><a href=\"https:\/\/coronelxavierchaves.mg.gov.br\/prefeitura\/wp-content\/uploads\/2025\/02\/Lei-no-1546.pdf\">Lei n\u00ba 1546-2025<\/a> &#8211; &#8220;Institui o programa Vale Alimenta\u00e7\u00e3o da Sa\u00fade.&#8221;<\/li>\n<li><a href=\"https:\/\/coronelxavierchaves.mg.gov.br\/prefeitura\/wp-content\/uploads\/2025\/02\/Lei-no-1547.pdf\">Lei n\u00ba 1547-2025<\/a> &#8211; &#8220;Institui a Semana Municipal da Amamenta\u00e7\u00e3o e Dia de Incentivo ao Aleitamento Materno.&#8221;<\/li>\n<li><a href=\"https:\/\/coronelxavierchaves.mg.gov.br\/prefeitura\/wp-content\/uploads\/2025\/02\/Lei-no-1548.pdf\">Lei n\u00ba 1548-2025<\/a> &#8211; &#8220;Disp\u00f5e sobre a presta\u00e7\u00e3o de contas de associa\u00e7\u00f5es que recebem recursos p\u00fablicos no munic\u00edpio.&#8221;<\/li>\n<li><a href=\"https:\/\/coronelxavierchaves.mg.gov.br\/prefeitura\/wp-content\/uploads\/2025\/02\/Lei-no-1549.pdf\">Lei n\u00ba 1549-2025<\/a> &#8211; &#8220;Autoriza conv\u00eanio entre Munic\u00edpio e Estado de Minas Gerais por interm\u00e9dio da Pol\u00edcia Militar.&#8221;<\/li>\n<li><a href=\"https:\/\/coronelxavierchaves.mg.gov.br\/prefeitura\/wp-content\/uploads\/2025\/02\/Lei-no-1550.pdf\">Lei n\u00ba 1550-2025<\/a> &#8211; &#8220;Autoriza abertura de Cr\u00e9dito suplementar.&#8221;<\/li>\n<li><a href=\"https:\/\/coronelxavierchaves.mg.gov.br\/prefeitura\/wp-content\/uploads\/2025\/02\/Lei-no-1551-Complementar.pdf\">Lei n\u00ba 1551-2025 &#8211; Complementar<\/a> &#8211; &#8220;Disp\u00f5e sobre a extin\u00e7\u00e3o de uma vaga do cargo de Operador de M\u00e1quinas e a cria\u00e7\u00e3o de duas vagas do cargo de Motorista.&#8221;<\/li>\n<li><a href=\"https:\/\/coronelxavierchaves.mg.gov.br\/prefeitura\/wp-content\/uploads\/2025\/02\/Lei-no-1552_a.pdf\">Lei n\u00ba 1552-2025<\/a> &#8211; &#8220;Estima a Receita e fixa a Despesa do Munic\u00edpio de Coronel Xavier Chaves para o exerc\u00edcio financeiro de 2026 &#8211; LOA 2026.&#8221;<\/li>\n<li><a href=\"https:\/\/coronelxavierchaves.mg.gov.br\/prefeitura\/wp-content\/uploads\/2025\/02\/Lei-no-1553.pdf\">Lei n\u00ba 1553-2025<\/a>\u00a0&#8211; &#8220;Autoriza o repasse de subven\u00e7\u00e3o social \u00e0 Associa\u00e7\u00e3o de Pais e dos Amigos dos Excepcionais (APAE) e d\u00e1 outras provid\u00eancias.&#8221;<\/li>\n<li><a href=\"https:\/\/coronelxavierchaves.mg.gov.br\/prefeitura\/wp-content\/uploads\/2025\/02\/Lei-no-1554.pdf\">Lei n\u00ba 1554-2025<\/a> &#8211; &#8220;Autoriza concess\u00e3o de auxilio de incentivo aos participantes Encontro de Carros de Bois de Coronel Xavier Chaves 2025.&#8221;<\/li>\n<li><a href=\"https:\/\/coronelxavierchaves.mg.gov.br\/prefeitura\/wp-content\/uploads\/2025\/02\/Lei-no-1555-Complementar.pdf\">Lei n\u00ba 1555-2025 &#8211; Complementar<\/a> &#8211; &#8220;Cria vaga para cargo de provimento efetivo que especifica e d\u00e1 outras provid\u00eancias.&#8221;<\/li>\n<li><a href=\"https:\/\/coronelxavierchaves.mg.gov.br\/prefeitura\/wp-content\/uploads\/2025\/02\/Lei-no-1556-Complementar.pdf\">Lei n\u00ba 1556-2025 &#8211; Complementar<\/a> &#8211; &#8220;Cria vagas tempor\u00e1rias cargos de Professor Municipal e de Professor de Apoio Especializado e d\u00e1 outras provid\u00eancias.&#8221;<\/li>\n<li><a href=\"https:\/\/coronelxavierchaves.mg.gov.br\/prefeitura\/wp-content\/uploads\/2025\/02\/Lei-no-1557.pdf\">Lei n\u00ba 1557-2025<\/a> &#8211; &#8220;Nomeia a Sala de Recursos da Escola Municipal como Sala de Recursos &#8211; Professora Miariam Am\u00e9lia de Sousa Oliveira.&#8221;<\/li>\n<li><a href=\"https:\/\/coronelxavierchaves.mg.gov.br\/prefeitura\/wp-content\/uploads\/2025\/02\/Lei-no-1558.pdf\">Lei n\u00ba 1558-2025<\/a>\u00a0&#8211; &#8220;Institui o Plano Plurianual do Munic\u00edpio de Coronel Xavier Chaves\/MG para o quadri\u00eanio de 2026 a 2029.&#8221;<\/li>\n<li><a href=\"https:\/\/coronelxavierchaves.mg.gov.br\/prefeitura\/wp-content\/uploads\/2025\/02\/Lei-no-1559.pdf\">Lei n\u00ba 1559-2025<\/a>\u00a0&#8211; &#8220;Altera a estrutura administrativa da Prefeitura Municipal de Coronel Xavier Chaves institu\u00edda pela Lei n\u00ba 1.170 de 03 de julho de 2017 outras provid\u00eancias.&#8221;<\/li>\n<li><a href=\"https:\/\/coronelxavierchaves.mg.gov.br\/prefeitura\/wp-content\/uploads\/2025\/02\/Lei-no-1560.pdf\">Lei n\u00ba 1560-2025<\/a>\u00a0&#8211; &#8220;\u201cRegulamenta o fornecimento de \u00e1gua de po\u00e7os artesianos e semiartesianos em comunidades rurais provid\u00eancias.&#8221;<\/li>\n<li><a href=\"https:\/\/coronelxavierchaves.mg.gov.br\/prefeitura\/wp-content\/uploads\/2025\/02\/Lei-no-1561.pdf\">Lei n\u00ba 1561-2025<\/a>\u00a0&#8211; &#8220;Disciplina as medidas de fiscaliza\u00e7\u00e3o, controle e preven\u00e7\u00e3o para o combate ao mosquito Aedes aegypti, no \u00e2mbito do Munic\u00edpio de Coronel Xavier Chaves.&#8221;<\/li>\n<\/ul>\n","protected":false},"excerpt":{"rendered":"<p>Lei n\u00ba 1503 &#8211; Complementar &#8211; &#8220;Altera a estrutura administrativa da Prefeitura Municipal e d\u00e1 outras provid\u00eancias&#8221;. Lei n\u00ba 1504-2025 Complementar &#8211; &#8220;Altera Lei Municipal n\u00ba 1076 de 15 de Abril de 2014, fixa novo valor de vale alimenta\u00e7\u00e3o.&#8221; Lei n\u00ba 1505-2025 Complementar &#8211; &#8220;Autoriza a corre\u00e7\u00e3o de vencimentos, proventos e pens\u00f5es dos servidores p\u00fablicos [&hellip;]<\/p>\n","protected":false},"author":3,"featured_media":22637,"comment_status":"closed","ping_status":"closed","sticky":false,"template":"","format":"standard","meta":{"footnotes":"","_links_to":"","_links_to_target":""},"categories":[144],"tags":[],"class_list":{"0":"post-22636","1":"post","2":"type-post","3":"status-publish","4":"format-standard","5":"has-post-thumbnail","7":"category-leis-2025"},"_links":{"self":[{"href":"https:\/\/coronelxavierchaves.mg.gov.br\/prefeitura\/wp-json\/wp\/v2\/posts\/22636","targetHints":{"allow":["GET"]}}],"collection":[{"href":"https:\/\/coronelxavierchaves.mg.gov.br\/prefeitura\/wp-json\/wp\/v2\/posts"}],"about":[{"href":"https:\/\/coronelxavierchaves.mg.gov.br\/prefeitura\/wp-json\/wp\/v2\/types\/post"}],"author":[{"embeddable":true,"href":"https:\/\/coronelxavierchaves.mg.gov.br\/prefeitura\/wp-json\/wp\/v2\/users\/3"}],"replies":[{"embeddable":true,"href":"https:\/\/coronelxavierchaves.mg.gov.br\/prefeitura\/wp-json\/wp\/v2\/comments?post=22636"}],"version-history":[{"count":24,"href":"https:\/\/coronelxavierchaves.mg.gov.br\/prefeitura\/wp-json\/wp\/v2\/posts\/22636\/revisions"}],"predecessor-version":[{"id":26564,"href":"https:\/\/coronelxavierchaves.mg.gov.br\/prefeitura\/wp-json\/wp\/v2\/posts\/22636\/revisions\/26564"}],"wp:featuredmedia":[{"embeddable":true,"href":"https:\/\/coronelxavierchaves.mg.gov.br\/prefeitura\/wp-json\/wp\/v2\/media\/22637"}],"wp:attachment":[{"href":"https:\/\/coronelxavierchaves.mg.gov.br\/prefeitura\/wp-json\/wp\/v2\/media?parent=22636"}],"wp:term":[{"taxonomy":"category","embeddable":true,"href":"https:\/\/coronelxavierchaves.mg.gov.br\/prefeitura\/wp-json\/wp\/v2\/categories?post=22636"},{"taxonomy":"post_tag","embeddable":true,"href":"https:\/\/coronelxavierchaves.mg.gov.br\/prefeitura\/wp-json\/wp\/v2\/tags?post=22636"}],"curies":[{"name":"wp","href":"https:\/\/api.w.org\/{rel}","templated":true}]}}