{"id":22677,"date":"2025-02-13T09:05:48","date_gmt":"2025-02-13T12:05:48","guid":{"rendered":"https:\/\/coronelxavierchaves.mg.gov.br\/prefeitura\/?p=22677"},"modified":"2025-02-13T09:05:48","modified_gmt":"2025-02-13T12:05:48","slug":"declaracao-de-processo-deserto-pa-17-2025-contratacao-de-empresa-de-prestacao-de-servicos-especializados-em-cronometragem-esportiva-para-o-evento-de-corrida-circuito-rtr-2025","status":"publish","type":"post","link":"https:\/\/coronelxavierchaves.mg.gov.br\/prefeitura\/2025\/02\/13\/declaracao-de-processo-deserto-pa-17-2025-contratacao-de-empresa-de-prestacao-de-servicos-especializados-em-cronometragem-esportiva-para-o-evento-de-corrida-circuito-rtr-2025\/","title":{"rendered":"Declara\u00e7\u00e3o de Processo Deserto (PA 17\/2025) &#8211; Contrata\u00e7\u00e3o de empresa de presta\u00e7\u00e3o de servi\u00e7os especializados em cronometragem esportiva para o evento de corrida Circuito RTR 2025"},"content":{"rendered":"<blockquote><p>DOWNLOADS<\/p><\/blockquote>\n<ul>\n<li><a href=\"https:\/\/coronelxavierchaves.mg.gov.br\/prefeitura\/wp-content\/uploads\/2025\/02\/DECLARACAO-17-2025.pdf\">DECLARA\u00c7\u00c3O DE PROCESSO DESERTO<\/a>, publicado em 13\/02\/2025 \u00e0s 09:05h.<\/li>\n<\/ul>\n<blockquote><p>OBJETO<\/p><\/blockquote>\n<div style=\"text-align: justify;\"><b>CONTRATA\u00c7\u00c3O DE EMPRESA DE PRESTA\u00c7\u00c3O DE SERVI\u00c7OS ESPECIALIZADOS EM CRONOMETRAGEM ESPORTIVA PARA O EVENTO DE CORRIDA\u00a0<i>CIRCUITO RTR 2025<\/i>, QUE OCORRER\u00c1 NO DIA 6 DE ABRIL DE 2025, NO MUNIC\u00cdPIO DE CORONEL XAVIER CHAVES\/MG, EM CONFORMIDADE COM A DEMANDA DA SECRETARIA MUNICIPAL DE TURISMO, CULTURA, ESPORTE E LAZER<\/b><b>.<\/b><\/div>\n<div><\/div>\n<div><\/div>\n<div class=\"printshowonly\">\n<p>*<b>PUBLICA\u00c7\u00c3O<\/b><\/p>\n<ul>\n<li>Um destaque desta publica\u00e7\u00e3o foi gerado na p\u00e1gina inicial do site, dispon\u00edvel at\u00e9 que demais publica\u00e7\u00f5es sejam realizadas.<\/li>\n<li>Uma publica\u00e7\u00e3o permanente foi feita na p\u00e1gina de Editais e Licita\u00e7\u00f5es.<\/li>\n<li>Link para acesso:\u00a0http:\/\/coronelxavierchaves.mg.gov.br\/prefeitura\/wp-json\/wp\/v2\/posts\/22677<\/li>\n<\/ul>\n<\/div>\n","protected":false},"excerpt":{"rendered":"<p>DOWNLOADS DECLARA\u00c7\u00c3O DE PROCESSO DESERTO, publicado em 13\/02\/2025 \u00e0s 09:05h. OBJETO CONTRATA\u00c7\u00c3O DE EMPRESA DE PRESTA\u00c7\u00c3O DE SERVI\u00c7OS ESPECIALIZADOS EM CRONOMETRAGEM ESPORTIVA PARA O EVENTO DE CORRIDA\u00a0CIRCUITO RTR 2025, QUE OCORRER\u00c1 NO DIA 6 DE ABRIL DE 2025, NO MUNIC\u00cdPIO DE CORONEL XAVIER CHAVES\/MG, EM CONFORMIDADE COM A DEMANDA DA SECRETARIA MUNICIPAL DE TURISMO, CULTURA, [&hellip;]<\/p>\n","protected":false},"author":3,"featured_media":4367,"comment_status":"open","ping_status":"open","sticky":false,"template":"","format":"standard","meta":{"footnotes":"","_links_to":"","_links_to_target":""},"categories":[139],"tags":[],"class_list":{"0":"post-22677","1":"post","2":"type-post","3":"status-publish","4":"format-standard","5":"has-post-thumbnail","7":"category-contratos-aditivos-atas-e-outros-2025"},"_links":{"self":[{"href":"https:\/\/coronelxavierchaves.mg.gov.br\/prefeitura\/wp-json\/wp\/v2\/posts\/22677","targetHints":{"allow":["GET"]}}],"collection":[{"href":"https:\/\/coronelxavierchaves.mg.gov.br\/prefeitura\/wp-json\/wp\/v2\/posts"}],"about":[{"href":"https:\/\/coronelxavierchaves.mg.gov.br\/prefeitura\/wp-json\/wp\/v2\/types\/post"}],"author":[{"embeddable":true,"href":"https:\/\/coronelxavierchaves.mg.gov.br\/prefeitura\/wp-json\/wp\/v2\/users\/3"}],"replies":[{"embeddable":true,"href":"https:\/\/coronelxavierchaves.mg.gov.br\/prefeitura\/wp-json\/wp\/v2\/comments?post=22677"}],"version-history":[{"count":1,"href":"https:\/\/coronelxavierchaves.mg.gov.br\/prefeitura\/wp-json\/wp\/v2\/posts\/22677\/revisions"}],"predecessor-version":[{"id":22679,"href":"https:\/\/coronelxavierchaves.mg.gov.br\/prefeitura\/wp-json\/wp\/v2\/posts\/22677\/revisions\/22679"}],"wp:featuredmedia":[{"embeddable":true,"href":"https:\/\/coronelxavierchaves.mg.gov.br\/prefeitura\/wp-json\/wp\/v2\/media\/4367"}],"wp:attachment":[{"href":"https:\/\/coronelxavierchaves.mg.gov.br\/prefeitura\/wp-json\/wp\/v2\/media?parent=22677"}],"wp:term":[{"taxonomy":"category","embeddable":true,"href":"https:\/\/coronelxavierchaves.mg.gov.br\/prefeitura\/wp-json\/wp\/v2\/categories?post=22677"},{"taxonomy":"post_tag","embeddable":true,"href":"https:\/\/coronelxavierchaves.mg.gov.br\/prefeitura\/wp-json\/wp\/v2\/tags?post=22677"}],"curies":[{"name":"wp","href":"https:\/\/api.w.org\/{rel}","templated":true}]}}