{"id":22709,"date":"2025-02-17T07:46:12","date_gmt":"2025-02-17T10:46:12","guid":{"rendered":"https:\/\/coronelxavierchaves.mg.gov.br\/prefeitura\/?p=22709"},"modified":"2025-02-17T07:46:12","modified_gmt":"2025-02-17T10:46:12","slug":"1o-termo-aditivo-contrato-de-prestacao-de-servicos-de-manutencao-de-sistema-de-cameras-assis-neves-ltda-2024","status":"publish","type":"post","link":"https:\/\/coronelxavierchaves.mg.gov.br\/prefeitura\/2025\/02\/17\/1o-termo-aditivo-contrato-de-prestacao-de-servicos-de-manutencao-de-sistema-de-cameras-assis-neves-ltda-2024\/","title":{"rendered":"1\u00ba Termo Aditivo &#8211; Contrato de Presta\u00e7\u00e3o de Servi\u00e7os de manuten\u00e7\u00e3o de sistema de c\u00e2meras: Assis &#038; Neves LTDA &#8211; 2024"},"content":{"rendered":"<blockquote><p>DOWNLOADS<\/p><\/blockquote>\n<ul>\n<li><a href=\"https:\/\/coronelxavierchaves.mg.gov.br\/prefeitura\/wp-content\/uploads\/2025\/02\/1o-TERMO-DE-ADITAMENTO-Assis-e-Neves.pdf\">1\u00ba TERMO ADITIVO<\/a>, publicado em 17\/02\/2025 \u00e0s 07:46h.<\/li>\n<\/ul>\n<blockquote><p>OBJETO<\/p><\/blockquote>\n<div style=\"text-align: justify;\">\n<div style=\"text-align: justify;\">Contrata\u00e7\u00e3o de empresa especializada para presta\u00e7\u00e3o de servi\u00e7o de loca\u00e7\u00e3o\/ manuten\u00e7\u00e3o de equipamentos de monitoramento\/seguran\u00e7a e comunica\u00e7\u00e3o dos pr\u00e9dios p\u00fablicos do munic\u00edpio de Coronel Xavier Chaves\/MG.<\/div>\n<\/div>\n<p>&nbsp;<\/p>\n<div class=\"printshowonly\">\n<p>*<b>PUBLICA\u00c7\u00c3O<\/b><\/p>\n<ul>\n<li>Um destaque desta publica\u00e7\u00e3o foi gerado na p\u00e1gina inicial do site, dispon\u00edvel at\u00e9 que demais publica\u00e7\u00f5es sejam realizadas.<\/li>\n<li>Uma publica\u00e7\u00e3o permanente foi feita na p\u00e1gina de Editais e Licita\u00e7\u00f5es.<\/li>\n<li>Link para acesso:\u00a0http:\/\/coronelxavierchaves.mg.gov.br\/prefeitura\/wp-json\/wp\/v2\/posts\/22709<\/li>\n<\/ul>\n<\/div>\n","protected":false},"excerpt":{"rendered":"<p>DOWNLOADS 1\u00ba TERMO ADITIVO, publicado em 17\/02\/2025 \u00e0s 07:46h. OBJETO Contrata\u00e7\u00e3o de empresa especializada para presta\u00e7\u00e3o de servi\u00e7o de loca\u00e7\u00e3o\/ manuten\u00e7\u00e3o de equipamentos de monitoramento\/seguran\u00e7a e comunica\u00e7\u00e3o dos pr\u00e9dios p\u00fablicos do munic\u00edpio de Coronel Xavier Chaves\/MG. &nbsp; *PUBLICA\u00c7\u00c3O Um destaque desta publica\u00e7\u00e3o foi gerado na p\u00e1gina inicial do site, dispon\u00edvel at\u00e9 que demais publica\u00e7\u00f5es sejam [&hellip;]<\/p>\n","protected":false},"author":3,"featured_media":4367,"comment_status":"open","ping_status":"open","sticky":false,"template":"","format":"standard","meta":{"footnotes":"","_links_to":"","_links_to_target":""},"categories":[139],"tags":[],"class_list":{"0":"post-22709","1":"post","2":"type-post","3":"status-publish","4":"format-standard","5":"has-post-thumbnail","7":"category-contratos-aditivos-atas-e-outros-2025"},"_links":{"self":[{"href":"https:\/\/coronelxavierchaves.mg.gov.br\/prefeitura\/wp-json\/wp\/v2\/posts\/22709","targetHints":{"allow":["GET"]}}],"collection":[{"href":"https:\/\/coronelxavierchaves.mg.gov.br\/prefeitura\/wp-json\/wp\/v2\/posts"}],"about":[{"href":"https:\/\/coronelxavierchaves.mg.gov.br\/prefeitura\/wp-json\/wp\/v2\/types\/post"}],"author":[{"embeddable":true,"href":"https:\/\/coronelxavierchaves.mg.gov.br\/prefeitura\/wp-json\/wp\/v2\/users\/3"}],"replies":[{"embeddable":true,"href":"https:\/\/coronelxavierchaves.mg.gov.br\/prefeitura\/wp-json\/wp\/v2\/comments?post=22709"}],"version-history":[{"count":1,"href":"https:\/\/coronelxavierchaves.mg.gov.br\/prefeitura\/wp-json\/wp\/v2\/posts\/22709\/revisions"}],"predecessor-version":[{"id":22712,"href":"https:\/\/coronelxavierchaves.mg.gov.br\/prefeitura\/wp-json\/wp\/v2\/posts\/22709\/revisions\/22712"}],"wp:featuredmedia":[{"embeddable":true,"href":"https:\/\/coronelxavierchaves.mg.gov.br\/prefeitura\/wp-json\/wp\/v2\/media\/4367"}],"wp:attachment":[{"href":"https:\/\/coronelxavierchaves.mg.gov.br\/prefeitura\/wp-json\/wp\/v2\/media?parent=22709"}],"wp:term":[{"taxonomy":"category","embeddable":true,"href":"https:\/\/coronelxavierchaves.mg.gov.br\/prefeitura\/wp-json\/wp\/v2\/categories?post=22709"},{"taxonomy":"post_tag","embeddable":true,"href":"https:\/\/coronelxavierchaves.mg.gov.br\/prefeitura\/wp-json\/wp\/v2\/tags?post=22709"}],"curies":[{"name":"wp","href":"https:\/\/api.w.org\/{rel}","templated":true}]}}