{"id":22727,"date":"2025-02-17T07:58:06","date_gmt":"2025-02-17T10:58:06","guid":{"rendered":"https:\/\/coronelxavierchaves.mg.gov.br\/prefeitura\/?p=22727"},"modified":"2025-02-17T07:58:17","modified_gmt":"2025-02-17T10:58:17","slug":"ata-de-registro-de-precos-pl-09-2025-aquisicao-de-medicamentos-referencia-conforme-lista-constante-na-tabela-cmed-anvisa","status":"publish","type":"post","link":"https:\/\/coronelxavierchaves.mg.gov.br\/prefeitura\/2025\/02\/17\/ata-de-registro-de-precos-pl-09-2025-aquisicao-de-medicamentos-referencia-conforme-lista-constante-na-tabela-cmed-anvisa\/","title":{"rendered":"Ata de registro de pre\u00e7os (PL 09\/2025) &#8211; Aquisi\u00e7\u00e3o de medicamentos refer\u00eancia, conforme lista constante na tabela CMED\/ANVISA&#8230; &#8211; Drogaria Ribeiro"},"content":{"rendered":"<blockquote><p>DOWNLOADS<\/p><\/blockquote>\n<ul>\n<li><a href=\"https:\/\/coronelxavierchaves.mg.gov.br\/prefeitura\/wp-content\/uploads\/2025\/02\/ARP-DROGARIA-RIBEIRO-E-FONSECA-09-2025.pdf\">ATA DE REGISTRO DE PRE\u00c7OS: DROGARIA RIBEIRO E FONSECA<\/a>, publicado em 17\/02\/2025 \u00e0s 07:58h.<\/li>\n<\/ul>\n<blockquote><p>OBJETO<\/p><\/blockquote>\n<div style=\"text-align: justify;\">\n<div style=\"text-align: justify;\"><b>AQUISI\u00c7\u00c3O DE MEDICAMENTOS REFER\u00caNCIA, CONFORME LISTA CONSTANTE NA TABELA CMED\/ANVISA, CONSIDERANDO O MAIOR DESCONTO SOBRE A COLUNA PMC (PRE\u00c7O M\u00c1XIMO AO CONSUMIDOR), PARA ATENDER \u00c0S NECESSIDADES DA FARM\u00c1CIA DE MINAS \u201cJANDIR SILVA\u201d E DOS PACIENTES DA REDE MUNICIPAL DE SA\u00daDE DE CORONEL XAVIER CHAVES\/MG<\/b>\u00a0<b>.\u00a0<\/b><\/div>\n<div>\n<p>&nbsp;<\/p>\n<div>\n<p>*<b>PUBLICA\u00c7\u00c3O<\/b><\/p>\n<ul>\n<li>Um destaque desta publica\u00e7\u00e3o foi gerado na p\u00e1gina inicial do site, dispon\u00edvel at\u00e9 que demais publica\u00e7\u00f5es sejam realizadas.<\/li>\n<li>Uma publica\u00e7\u00e3o permanente foi feita na p\u00e1gina de Editais e Licita\u00e7\u00f5es.<\/li>\n<li>Link para acesso:\u00a0http:\/\/coronelxavierchaves.mg.gov.br\/prefeitura\/wp-json\/wp\/v2\/posts\/22727<\/li>\n<\/ul>\n<\/div>\n<\/div>\n<\/div>\n","protected":false},"excerpt":{"rendered":"<p>DOWNLOADS ATA DE REGISTRO DE PRE\u00c7OS: DROGARIA RIBEIRO E FONSECA, publicado em 17\/02\/2025 \u00e0s 07:58h. OBJETO AQUISI\u00c7\u00c3O DE MEDICAMENTOS REFER\u00caNCIA, CONFORME LISTA CONSTANTE NA TABELA CMED\/ANVISA, CONSIDERANDO O MAIOR DESCONTO SOBRE A COLUNA PMC (PRE\u00c7O M\u00c1XIMO AO CONSUMIDOR), PARA ATENDER \u00c0S NECESSIDADES DA FARM\u00c1CIA DE MINAS \u201cJANDIR SILVA\u201d E DOS PACIENTES DA REDE MUNICIPAL DE [&hellip;]<\/p>\n","protected":false},"author":3,"featured_media":4367,"comment_status":"open","ping_status":"open","sticky":false,"template":"","format":"standard","meta":{"footnotes":"","_links_to":"","_links_to_target":""},"categories":[139],"tags":[],"class_list":{"0":"post-22727","1":"post","2":"type-post","3":"status-publish","4":"format-standard","5":"has-post-thumbnail","7":"category-contratos-aditivos-atas-e-outros-2025"},"_links":{"self":[{"href":"https:\/\/coronelxavierchaves.mg.gov.br\/prefeitura\/wp-json\/wp\/v2\/posts\/22727","targetHints":{"allow":["GET"]}}],"collection":[{"href":"https:\/\/coronelxavierchaves.mg.gov.br\/prefeitura\/wp-json\/wp\/v2\/posts"}],"about":[{"href":"https:\/\/coronelxavierchaves.mg.gov.br\/prefeitura\/wp-json\/wp\/v2\/types\/post"}],"author":[{"embeddable":true,"href":"https:\/\/coronelxavierchaves.mg.gov.br\/prefeitura\/wp-json\/wp\/v2\/users\/3"}],"replies":[{"embeddable":true,"href":"https:\/\/coronelxavierchaves.mg.gov.br\/prefeitura\/wp-json\/wp\/v2\/comments?post=22727"}],"version-history":[{"count":1,"href":"https:\/\/coronelxavierchaves.mg.gov.br\/prefeitura\/wp-json\/wp\/v2\/posts\/22727\/revisions"}],"predecessor-version":[{"id":22730,"href":"https:\/\/coronelxavierchaves.mg.gov.br\/prefeitura\/wp-json\/wp\/v2\/posts\/22727\/revisions\/22730"}],"wp:featuredmedia":[{"embeddable":true,"href":"https:\/\/coronelxavierchaves.mg.gov.br\/prefeitura\/wp-json\/wp\/v2\/media\/4367"}],"wp:attachment":[{"href":"https:\/\/coronelxavierchaves.mg.gov.br\/prefeitura\/wp-json\/wp\/v2\/media?parent=22727"}],"wp:term":[{"taxonomy":"category","embeddable":true,"href":"https:\/\/coronelxavierchaves.mg.gov.br\/prefeitura\/wp-json\/wp\/v2\/categories?post=22727"},{"taxonomy":"post_tag","embeddable":true,"href":"https:\/\/coronelxavierchaves.mg.gov.br\/prefeitura\/wp-json\/wp\/v2\/tags?post=22727"}],"curies":[{"name":"wp","href":"https:\/\/api.w.org\/{rel}","templated":true}]}}