{"id":22735,"date":"2025-02-17T08:03:06","date_gmt":"2025-02-17T11:03:06","guid":{"rendered":"https:\/\/coronelxavierchaves.mg.gov.br\/prefeitura\/?p=22735"},"modified":"2025-02-17T08:03:06","modified_gmt":"2025-02-17T11:03:06","slug":"3o-termo-aditivo-pl-03-2023-contratacao-de-pessoa-juridica-para-prestacao-de-servicos-de-fisioterapia","status":"publish","type":"post","link":"https:\/\/coronelxavierchaves.mg.gov.br\/prefeitura\/2025\/02\/17\/3o-termo-aditivo-pl-03-2023-contratacao-de-pessoa-juridica-para-prestacao-de-servicos-de-fisioterapia\/","title":{"rendered":"3\u00ba Termo Aditivo (PL 03\/2023): Contrata\u00e7\u00e3o de pessoa jur\u00eddica para presta\u00e7\u00e3o de servi\u00e7os de fisioterapia"},"content":{"rendered":"<blockquote><p>DOWNLOADS<\/p><\/blockquote>\n<ul>\n<li><a href=\"https:\/\/coronelxavierchaves.mg.gov.br\/prefeitura\/wp-content\/uploads\/2025\/02\/1o-TERMO-DE-ADITAMENTO-FISIO-03-2023.pdf\">3\u00ba TERMO DE ADITIVO &#8211; FISIOTERAPIA<\/a>, publicado em 17\/02\/2025 \u00e0s 08:03h.<\/li>\n<\/ul>\n<blockquote><p>OBJETO<\/p><\/blockquote>\n<div style=\"text-align: justify;\">\n<div style=\"text-align: justify;\">\n<div style=\"text-align: justify;\">\n<div style=\"text-align: justify;\"><b><u>CONTRATA\u00c7\u00c3O DE PESSOA JUR\u00cdDICA PARA PRESTA\u00c7\u00c3O DE SERVI\u00c7OS DE FISIOTERAPIA E FONOAUDIOLOGIA PARA ATENDER AS NECESSIDADES DA SECRETARIA MUNICIPAL DE SA\u00daDE<\/u>.<\/b><\/div>\n<p>&nbsp;<\/p>\n<\/div>\n<\/div>\n<\/div>\n<div class=\"printshowonly\">\n<p>*<b>PUBLICA\u00c7\u00c3O<\/b><\/p>\n<ul>\n<li>Um destaque desta publica\u00e7\u00e3o foi gerado na p\u00e1gina inicial do site, dispon\u00edvel at\u00e9 que demais publica\u00e7\u00f5es sejam realizadas.<\/li>\n<li>Uma publica\u00e7\u00e3o permanente foi feita na p\u00e1gina de Editais e Licita\u00e7\u00f5es.<\/li>\n<li>Link para acesso:\u00a0http:\/\/coronelxavierchaves.mg.gov.br\/prefeitura\/wp-json\/wp\/v2\/posts\/22735<\/li>\n<\/ul>\n<\/div>\n","protected":false},"excerpt":{"rendered":"<p>DOWNLOADS 3\u00ba TERMO DE ADITIVO &#8211; FISIOTERAPIA, publicado em 17\/02\/2025 \u00e0s 08:03h. OBJETO CONTRATA\u00c7\u00c3O DE PESSOA JUR\u00cdDICA PARA PRESTA\u00c7\u00c3O DE SERVI\u00c7OS DE FISIOTERAPIA E FONOAUDIOLOGIA PARA ATENDER AS NECESSIDADES DA SECRETARIA MUNICIPAL DE SA\u00daDE. &nbsp; *PUBLICA\u00c7\u00c3O Um destaque desta publica\u00e7\u00e3o foi gerado na p\u00e1gina inicial do site, dispon\u00edvel at\u00e9 que demais publica\u00e7\u00f5es sejam realizadas. Uma [&hellip;]<\/p>\n","protected":false},"author":3,"featured_media":4367,"comment_status":"open","ping_status":"open","sticky":false,"template":"","format":"standard","meta":{"footnotes":"","_links_to":"","_links_to_target":""},"categories":[139],"tags":[],"class_list":{"0":"post-22735","1":"post","2":"type-post","3":"status-publish","4":"format-standard","5":"has-post-thumbnail","7":"category-contratos-aditivos-atas-e-outros-2025"},"_links":{"self":[{"href":"https:\/\/coronelxavierchaves.mg.gov.br\/prefeitura\/wp-json\/wp\/v2\/posts\/22735","targetHints":{"allow":["GET"]}}],"collection":[{"href":"https:\/\/coronelxavierchaves.mg.gov.br\/prefeitura\/wp-json\/wp\/v2\/posts"}],"about":[{"href":"https:\/\/coronelxavierchaves.mg.gov.br\/prefeitura\/wp-json\/wp\/v2\/types\/post"}],"author":[{"embeddable":true,"href":"https:\/\/coronelxavierchaves.mg.gov.br\/prefeitura\/wp-json\/wp\/v2\/users\/3"}],"replies":[{"embeddable":true,"href":"https:\/\/coronelxavierchaves.mg.gov.br\/prefeitura\/wp-json\/wp\/v2\/comments?post=22735"}],"version-history":[{"count":1,"href":"https:\/\/coronelxavierchaves.mg.gov.br\/prefeitura\/wp-json\/wp\/v2\/posts\/22735\/revisions"}],"predecessor-version":[{"id":22737,"href":"https:\/\/coronelxavierchaves.mg.gov.br\/prefeitura\/wp-json\/wp\/v2\/posts\/22735\/revisions\/22737"}],"wp:featuredmedia":[{"embeddable":true,"href":"https:\/\/coronelxavierchaves.mg.gov.br\/prefeitura\/wp-json\/wp\/v2\/media\/4367"}],"wp:attachment":[{"href":"https:\/\/coronelxavierchaves.mg.gov.br\/prefeitura\/wp-json\/wp\/v2\/media?parent=22735"}],"wp:term":[{"taxonomy":"category","embeddable":true,"href":"https:\/\/coronelxavierchaves.mg.gov.br\/prefeitura\/wp-json\/wp\/v2\/categories?post=22735"},{"taxonomy":"post_tag","embeddable":true,"href":"https:\/\/coronelxavierchaves.mg.gov.br\/prefeitura\/wp-json\/wp\/v2\/tags?post=22735"}],"curies":[{"name":"wp","href":"https:\/\/api.w.org\/{rel}","templated":true}]}}