{"id":22742,"date":"2025-02-17T08:08:31","date_gmt":"2025-02-17T11:08:31","guid":{"rendered":"https:\/\/coronelxavierchaves.mg.gov.br\/prefeitura\/?p=22742"},"modified":"2025-02-17T08:08:31","modified_gmt":"2025-02-17T11:08:31","slug":"1o-termo-aditivo-pl-137-2024-aquisicao-de-equipamentos-e-materiais-visando-o-completo-funcionamento-da-cozinha-do-centro-municipal-de-educacao-infantil-primeiros-passos","status":"publish","type":"post","link":"https:\/\/coronelxavierchaves.mg.gov.br\/prefeitura\/2025\/02\/17\/1o-termo-aditivo-pl-137-2024-aquisicao-de-equipamentos-e-materiais-visando-o-completo-funcionamento-da-cozinha-do-centro-municipal-de-educacao-infantil-primeiros-passos\/","title":{"rendered":"1\u00ba Termo Aditivo (PL 137\/2024) &#8211; Aquisi\u00e7\u00e3o de equipamentos e materiais visando o completo funcionamento da cozinha do Centro Municipal de Educa\u00e7\u00e3o Infantil &#8220;Primeiros Passos&#8221;"},"content":{"rendered":"<blockquote><p>DOWNLOADS<\/p><\/blockquote>\n<ul>\n<li><a href=\"https:\/\/coronelxavierchaves.mg.gov.br\/prefeitura\/wp-content\/uploads\/2025\/02\/1o-TERMO-ADITAMENTO-WCA-137-2024.pdf\">1\u00ba TERMO ADITIVO: WCA<\/a>, publicado em 17\/02\/2025 \u00e0s 08:08h.<\/li>\n<\/ul>\n<p>&nbsp;<\/p>\n<blockquote><p>OBJETO<\/p><\/blockquote>\n<div class=\"printshowonly\">\n<p style=\"text-align: justify;\"><b><u>\u201c<\/u><\/b><b><u>AQUISI\u00c7\u00c3O DE EQUIPAMENTOS E MATERIAIS VISANDO O COMPLETO FUNCIONAMENTO DA COZINHA DO CENTRO MUNICIPAL DE EDUCA\u00c7\u00c3O INFANTIL &#8220;PRIMEIROS PASSOS\u201d<\/u>.<\/b><\/p>\n<p>&nbsp;<\/p>\n<p>*<b>PUBLICA\u00c7\u00c3O<\/b><\/p>\n<ul>\n<li>Um destaque desta publica\u00e7\u00e3o foi gerado na p\u00e1gina inicial do site, dispon\u00edvel at\u00e9 que demais publica\u00e7\u00f5es sejam realizadas.<\/li>\n<li>Uma publica\u00e7\u00e3o permanente foi feita na p\u00e1gina de Editais e Licita\u00e7\u00f5es.<\/li>\n<li>Link para acesso:\u00a0http:\/\/coronelxavierchaves.mg.gov.br\/prefeitura\/wp-json\/wp\/v2\/posts\/22742<\/li>\n<\/ul>\n<\/div>\n<div style=\"text-align: justify;\">\n<div style=\"text-align: justify;\">\n<div><\/div>\n<\/div>\n<\/div>\n","protected":false},"excerpt":{"rendered":"<p>DOWNLOADS 1\u00ba TERMO ADITIVO: WCA, publicado em 17\/02\/2025 \u00e0s 08:08h. &nbsp; OBJETO \u201cAQUISI\u00c7\u00c3O DE EQUIPAMENTOS E MATERIAIS VISANDO O COMPLETO FUNCIONAMENTO DA COZINHA DO CENTRO MUNICIPAL DE EDUCA\u00c7\u00c3O INFANTIL &#8220;PRIMEIROS PASSOS\u201d. &nbsp; *PUBLICA\u00c7\u00c3O Um destaque desta publica\u00e7\u00e3o foi gerado na p\u00e1gina inicial do site, dispon\u00edvel at\u00e9 que demais publica\u00e7\u00f5es sejam realizadas. Uma publica\u00e7\u00e3o permanente foi [&hellip;]<\/p>\n","protected":false},"author":3,"featured_media":4367,"comment_status":"open","ping_status":"open","sticky":false,"template":"","format":"standard","meta":{"footnotes":"","_links_to":"","_links_to_target":""},"categories":[139],"tags":[],"class_list":{"0":"post-22742","1":"post","2":"type-post","3":"status-publish","4":"format-standard","5":"has-post-thumbnail","7":"category-contratos-aditivos-atas-e-outros-2025"},"_links":{"self":[{"href":"https:\/\/coronelxavierchaves.mg.gov.br\/prefeitura\/wp-json\/wp\/v2\/posts\/22742","targetHints":{"allow":["GET"]}}],"collection":[{"href":"https:\/\/coronelxavierchaves.mg.gov.br\/prefeitura\/wp-json\/wp\/v2\/posts"}],"about":[{"href":"https:\/\/coronelxavierchaves.mg.gov.br\/prefeitura\/wp-json\/wp\/v2\/types\/post"}],"author":[{"embeddable":true,"href":"https:\/\/coronelxavierchaves.mg.gov.br\/prefeitura\/wp-json\/wp\/v2\/users\/3"}],"replies":[{"embeddable":true,"href":"https:\/\/coronelxavierchaves.mg.gov.br\/prefeitura\/wp-json\/wp\/v2\/comments?post=22742"}],"version-history":[{"count":1,"href":"https:\/\/coronelxavierchaves.mg.gov.br\/prefeitura\/wp-json\/wp\/v2\/posts\/22742\/revisions"}],"predecessor-version":[{"id":22744,"href":"https:\/\/coronelxavierchaves.mg.gov.br\/prefeitura\/wp-json\/wp\/v2\/posts\/22742\/revisions\/22744"}],"wp:featuredmedia":[{"embeddable":true,"href":"https:\/\/coronelxavierchaves.mg.gov.br\/prefeitura\/wp-json\/wp\/v2\/media\/4367"}],"wp:attachment":[{"href":"https:\/\/coronelxavierchaves.mg.gov.br\/prefeitura\/wp-json\/wp\/v2\/media?parent=22742"}],"wp:term":[{"taxonomy":"category","embeddable":true,"href":"https:\/\/coronelxavierchaves.mg.gov.br\/prefeitura\/wp-json\/wp\/v2\/categories?post=22742"},{"taxonomy":"post_tag","embeddable":true,"href":"https:\/\/coronelxavierchaves.mg.gov.br\/prefeitura\/wp-json\/wp\/v2\/tags?post=22742"}],"curies":[{"name":"wp","href":"https:\/\/api.w.org\/{rel}","templated":true}]}}