{"id":22753,"date":"2025-02-18T11:15:10","date_gmt":"2025-02-18T14:15:10","guid":{"rendered":"https:\/\/coronelxavierchaves.mg.gov.br\/prefeitura\/?p=22753"},"modified":"2026-02-26T16:54:56","modified_gmt":"2026-02-26T19:54:56","slug":"aviso-de-licitacao-pl-24-2025-contratacao-de-empresa-especializada-de-assessoria-tecnica-para-o-auxilio-na-confeccao-de-um-inventario-de-atividades-esportivas","status":"publish","type":"post","link":"https:\/\/coronelxavierchaves.mg.gov.br\/prefeitura\/2025\/02\/18\/aviso-de-licitacao-pl-24-2025-contratacao-de-empresa-especializada-de-assessoria-tecnica-para-o-auxilio-na-confeccao-de-um-inventario-de-atividades-esportivas\/","title":{"rendered":"Aviso de Licita\u00e7\u00e3o (PL 24\/2025) &#8211; Contrata\u00e7\u00e3o de empresa especializada de assessoria t\u00e9cnica para o aux\u00edlio na confec\u00e7\u00e3o de um invent\u00e1rio de atividades esportivas"},"content":{"rendered":"<blockquote>\n<p style=\"text-align: center;\">DOWNLOADS<\/p>\n<\/blockquote>\n<ul>\n<li style=\"list-style-type: none;\">\n<ul>\n<li><a href=\"https:\/\/coronelxavierchaves.mg.gov.br\/prefeitura\/wp-content\/uploads\/2025\/02\/09-EDITAL-ICMS.pdf\">EDITAL<\/a>, publicado em 18\/02\/2025 \u00e0s 11:14h.<\/li>\n<li><a href=\"https:\/\/coronelxavierchaves.mg.gov.br\/prefeitura\/wp-content\/uploads\/2025\/04\/CONTRATO-WR-24-2025.pdf\">CONTRATO<\/a>, publicado em 04\/04\/2025 \u00e0s 08:09h.<\/li>\n<li><a href=\"https:\/\/coronelxavierchaves.mg.gov.br\/prefeitura\/wp-content\/uploads\/2026\/02\/1o-TERMO-ADITIVO-WR-24-2025.pdf\">1\u00ba TERMO ADITIVO<\/a>, publicado em 26\/02\/2026 \u00e0s 16:54h.<\/li>\n<\/ul>\n<\/li>\n<\/ul>\n<p style=\"font-weight: 400; text-align: center;\"><strong><u>AVISO DE LICITA\u00c7\u00c3O<\/u><\/strong><\/p>\n<p style=\"text-align: justify;\">Prefeitura Municipal de Coronel Xavier Chaves\/MG. Aviso de Licita\u00e7\u00e3o &#8211; Processo Licitat\u00f3rio \u2013 24\/2025, Preg\u00e3o Eletr\u00f4nico \u2013 13\/2025, do tipo\u00a0<u>Menor Pre\u00e7o por Item.\u00a0<\/u>Objeto:\u00a0Contrata\u00e7\u00e3o de empresa especializada\u00a0na presta\u00e7\u00e3o de servi\u00e7os de assessoria t\u00e9cnica\u00a0para o aux\u00edlio na confec\u00e7\u00e3o de um invent\u00e1rio de atividades esportivas do munic\u00edpio, al\u00e9m de orienta\u00e7\u00e3o para sua inclus\u00e3o no sistema do ICMS Esportivo, conforme Termo de Refer\u00eancia. Limite de acolhimento das propostas: dia 06\/03\/2025 \u00e0s 07h59min.\u00a0<strong>DISPUTA: 06\/03\/2025, \u00e0s 08h30min, na Plataforma LICITAPP<\/strong>,\u00a0<a href=\"https:\/\/coronelxavierchaves.licitapp.com.br\/\">https:\/\/coronelxavierchaves.licitapp.com.br\/\/<\/a>.\u00a0O edital est\u00e1 dispon\u00edvel no site\u00a0\u201c<a href=\"http:\/\/www.coronelxavierchaves.mg.gov.br\/\">www.coronelxavierchaves.mg.gov.br<\/a>&#8220;, mais informa\u00e7\u00f5es\u00a0na prefeitura municipal \u00e0 Rua Padre Reis, 84, Centro, Coronel Xavier Chaves\/MG, no hor\u00e1rio de 08h00min \u00e0s 12h00min e de 13h00min \u00e0s 16h00min. Tel.:\u00a0<a href=\"tel:%2832%29%203357-1235\">(32) 3216-1053<\/a>\/ (32) 9 9199-6496 (<em>Whatsapp<\/em>). Coronel Xavier Chaves, 18 de fevereiro de 2025. Juliana Jaques Camargos \u2013 Pregoeira.<\/p>\n<p>&nbsp;<\/p>\n<p>&nbsp;<\/p>\n<div class=\"printshowonly\">\n<p>*<b>PUBLICA\u00c7\u00c3O<\/b><\/p>\n<ul>\n<li>Um destaque desta publica\u00e7\u00e3o foi gerado na p\u00e1gina inicial do site, dispon\u00edvel at\u00e9 que demais publica\u00e7\u00f5es sejam realizadas.<\/li>\n<li>Uma publica\u00e7\u00e3o permanente foi feita na p\u00e1gina de Editais e Licita\u00e7\u00f5es.<\/li>\n<li>Link para acesso: http:\/\/coronelxavierchaves.mg.gov.br\/prefeitura\/wp-json\/wp\/v2\/posts\/22753<\/li>\n<\/ul>\n<\/div>\n","protected":false},"excerpt":{"rendered":"<p>DOWNLOADS EDITAL, publicado em 18\/02\/2025 \u00e0s 11:14h. CONTRATO, publicado em 04\/04\/2025 \u00e0s 08:09h. 1\u00ba TERMO ADITIVO, publicado em 26\/02\/2026 \u00e0s 16:54h. AVISO DE LICITA\u00c7\u00c3O Prefeitura Municipal de Coronel Xavier Chaves\/MG. Aviso de Licita\u00e7\u00e3o &#8211; Processo Licitat\u00f3rio \u2013 24\/2025, Preg\u00e3o Eletr\u00f4nico \u2013 13\/2025, do tipo\u00a0Menor Pre\u00e7o por Item.\u00a0Objeto:\u00a0Contrata\u00e7\u00e3o de empresa especializada\u00a0na presta\u00e7\u00e3o de servi\u00e7os de assessoria [&hellip;]<\/p>\n","protected":false},"author":3,"featured_media":4366,"comment_status":"closed","ping_status":"closed","sticky":false,"template":"","format":"standard","meta":{"footnotes":"","_links_to":"","_links_to_target":""},"categories":[135],"tags":[],"class_list":{"0":"post-22753","1":"post","2":"type-post","3":"status-publish","4":"format-standard","5":"has-post-thumbnail","7":"category-editais-de-licitacao-2025"},"_links":{"self":[{"href":"https:\/\/coronelxavierchaves.mg.gov.br\/prefeitura\/wp-json\/wp\/v2\/posts\/22753","targetHints":{"allow":["GET"]}}],"collection":[{"href":"https:\/\/coronelxavierchaves.mg.gov.br\/prefeitura\/wp-json\/wp\/v2\/posts"}],"about":[{"href":"https:\/\/coronelxavierchaves.mg.gov.br\/prefeitura\/wp-json\/wp\/v2\/types\/post"}],"author":[{"embeddable":true,"href":"https:\/\/coronelxavierchaves.mg.gov.br\/prefeitura\/wp-json\/wp\/v2\/users\/3"}],"replies":[{"embeddable":true,"href":"https:\/\/coronelxavierchaves.mg.gov.br\/prefeitura\/wp-json\/wp\/v2\/comments?post=22753"}],"version-history":[{"count":4,"href":"https:\/\/coronelxavierchaves.mg.gov.br\/prefeitura\/wp-json\/wp\/v2\/posts\/22753\/revisions"}],"predecessor-version":[{"id":26910,"href":"https:\/\/coronelxavierchaves.mg.gov.br\/prefeitura\/wp-json\/wp\/v2\/posts\/22753\/revisions\/26910"}],"wp:featuredmedia":[{"embeddable":true,"href":"https:\/\/coronelxavierchaves.mg.gov.br\/prefeitura\/wp-json\/wp\/v2\/media\/4366"}],"wp:attachment":[{"href":"https:\/\/coronelxavierchaves.mg.gov.br\/prefeitura\/wp-json\/wp\/v2\/media?parent=22753"}],"wp:term":[{"taxonomy":"category","embeddable":true,"href":"https:\/\/coronelxavierchaves.mg.gov.br\/prefeitura\/wp-json\/wp\/v2\/categories?post=22753"},{"taxonomy":"post_tag","embeddable":true,"href":"https:\/\/coronelxavierchaves.mg.gov.br\/prefeitura\/wp-json\/wp\/v2\/tags?post=22753"}],"curies":[{"name":"wp","href":"https:\/\/api.w.org\/{rel}","templated":true}]}}