{"id":22783,"date":"2025-02-19T14:01:11","date_gmt":"2025-02-19T17:01:11","guid":{"rendered":"https:\/\/coronelxavierchaves.mg.gov.br\/prefeitura\/?p=22783"},"modified":"2025-02-25T15:15:48","modified_gmt":"2025-02-25T18:15:48","slug":"aviso-de-licitacao-pl-25-2025-aquisicao-de-medicamentos-genericos-e-similares-conforme-lista-constante-na-tabela-cmed-anvisa","status":"publish","type":"post","link":"https:\/\/coronelxavierchaves.mg.gov.br\/prefeitura\/2025\/02\/19\/aviso-de-licitacao-pl-25-2025-aquisicao-de-medicamentos-genericos-e-similares-conforme-lista-constante-na-tabela-cmed-anvisa\/","title":{"rendered":"Aviso de Licita\u00e7\u00e3o (PL 25\/2025) &#8211; Aquisi\u00e7\u00e3o de medicamentos gen\u00e9ricos e similares, conforme lista constante na tabela CMED\/ANVISA"},"content":{"rendered":"<blockquote>\n<p style=\"text-align: center;\">DOWNLOADS<\/p>\n<\/blockquote>\n<ul>\n<li style=\"list-style-type: none;\">\n<ul>\n<li><a href=\"https:\/\/coronelxavierchaves.mg.gov.br\/prefeitura\/wp-content\/uploads\/2025\/02\/EDITAL-25-2025.pdf\">EDITAL<\/a>, publicado em 19\/02\/2025 \u00e0s 14:01h.<\/li>\n<li><a href=\"https:\/\/coronelxavierchaves.mg.gov.br\/prefeitura\/wp-content\/uploads\/2025\/02\/TERMO-DE-CANCELAMENTO-25-2025.pdf\">TERMO DE CANCELAMENTO<\/a>, publicado em 25\/02\/2025 \u00e0s 15:15h.<\/li>\n<\/ul>\n<\/li>\n<\/ul>\n<p style=\"font-weight: 400; text-align: center;\"><strong><u>AVISO DE LICITA\u00c7\u00c3O<\/u><\/strong><\/p>\n<p style=\"text-align: justify;\">Prefeitura Municipal de Coronel Xavier Chaves\/MG. Aviso de Licita\u00e7\u00e3o &#8211; Processo Licitat\u00f3rio \u2013 25\/2025, Preg\u00e3o Eletr\u00f4nico \u2013 14\/2025, do tipo\u00a0<u>Maior Desconto por Item.\u00a0<\/u>Objeto:\u00a0<strong>AQUISI\u00c7\u00c3O DE MEDICAMENTOS GEN\u00c9RICOS E SIMILARES, CONFORME LISTA CONSTANTE NA TABELA CMED\/ANVISA, CONSIDERANDO O MAIOR DESCONTO SOBRE A COLUNA PF (PRE\u00c7O F\u00c1BRICA), PARA ATENDER \u00c0S NECESSIDADES DA FARM\u00c1CIA DE MINAS \u201cJANDIR SILVA\u201d E DOS PACIENTES DA REDE MUNICIPAL DE SA\u00daDE DE CORONEL XAVIER CHAVES\/MG.<\/strong>\u00a0Limite de acolhimento das propostas: dia 07\/03\/2025 \u00e0s 07h59min.\u00a0<strong>DISPUTA: 07\/03\/2025, \u00e0s 08h30min, na Plataforma LICITAPP<\/strong>,\u00a0<a href=\"https:\/\/coronelxavierchaves.licitapp.com.br\/\">https:\/\/coronelxavierchaves.licitapp.com.br\/\/<\/a>.\u00a0O edital est\u00e1 dispon\u00edvel no site\u00a0\u201c<a href=\"http:\/\/www.coronelxavierchaves.mg.gov.br\/\">www.coronelxavierchaves.mg.gov.br<\/a>&#8220;, mais informa\u00e7\u00f5es\u00a0na prefeitura municipal \u00e0 Rua Padre Reis, 84, Centro, Coronel Xavier Chaves\/MG, no hor\u00e1rio de 08h00min \u00e0s 12h00min e de 13h00min \u00e0s 16h00min. Tel.:\u00a0<a href=\"tel:%2832%29%203357-1235\">(32) 3216-1053<\/a>\/ (32) 9 9199-6496 (<em>Whatsapp<\/em>). Coronel Xavier Chaves, 19 de fevereiro de 2025. Juliana Jaques Camargos \u2013 Agente de Contrata\u00e7\u00e3o.<\/p>\n<p>&nbsp;<\/p>\n<p>&nbsp;<\/p>\n<div class=\"printshowonly\">\n<p>*<b>PUBLICA\u00c7\u00c3O<\/b><\/p>\n<ul>\n<li>Um destaque desta publica\u00e7\u00e3o foi gerado na p\u00e1gina inicial do site, dispon\u00edvel at\u00e9 que demais publica\u00e7\u00f5es sejam realizadas.<\/li>\n<li>Uma publica\u00e7\u00e3o permanente foi feita na p\u00e1gina de Editais e Licita\u00e7\u00f5es.<\/li>\n<li>Link para acesso: http:\/\/coronelxavierchaves.mg.gov.br\/prefeitura\/wp-json\/wp\/v2\/posts\/22783<\/li>\n<\/ul>\n<\/div>\n","protected":false},"excerpt":{"rendered":"<p>DOWNLOADS EDITAL, publicado em 19\/02\/2025 \u00e0s 14:01h. TERMO DE CANCELAMENTO, publicado em 25\/02\/2025 \u00e0s 15:15h. AVISO DE LICITA\u00c7\u00c3O Prefeitura Municipal de Coronel Xavier Chaves\/MG. Aviso de Licita\u00e7\u00e3o &#8211; Processo Licitat\u00f3rio \u2013 25\/2025, Preg\u00e3o Eletr\u00f4nico \u2013 14\/2025, do tipo\u00a0Maior Desconto por Item.\u00a0Objeto:\u00a0AQUISI\u00c7\u00c3O DE MEDICAMENTOS GEN\u00c9RICOS E SIMILARES, CONFORME LISTA CONSTANTE NA TABELA CMED\/ANVISA, CONSIDERANDO O MAIOR [&hellip;]<\/p>\n","protected":false},"author":3,"featured_media":4366,"comment_status":"open","ping_status":"open","sticky":false,"template":"","format":"standard","meta":{"footnotes":"","_links_to":"","_links_to_target":""},"categories":[135],"tags":[],"class_list":{"0":"post-22783","1":"post","2":"type-post","3":"status-publish","4":"format-standard","5":"has-post-thumbnail","7":"category-editais-de-licitacao-2025"},"_links":{"self":[{"href":"https:\/\/coronelxavierchaves.mg.gov.br\/prefeitura\/wp-json\/wp\/v2\/posts\/22783","targetHints":{"allow":["GET"]}}],"collection":[{"href":"https:\/\/coronelxavierchaves.mg.gov.br\/prefeitura\/wp-json\/wp\/v2\/posts"}],"about":[{"href":"https:\/\/coronelxavierchaves.mg.gov.br\/prefeitura\/wp-json\/wp\/v2\/types\/post"}],"author":[{"embeddable":true,"href":"https:\/\/coronelxavierchaves.mg.gov.br\/prefeitura\/wp-json\/wp\/v2\/users\/3"}],"replies":[{"embeddable":true,"href":"https:\/\/coronelxavierchaves.mg.gov.br\/prefeitura\/wp-json\/wp\/v2\/comments?post=22783"}],"version-history":[{"count":3,"href":"https:\/\/coronelxavierchaves.mg.gov.br\/prefeitura\/wp-json\/wp\/v2\/posts\/22783\/revisions"}],"predecessor-version":[{"id":22904,"href":"https:\/\/coronelxavierchaves.mg.gov.br\/prefeitura\/wp-json\/wp\/v2\/posts\/22783\/revisions\/22904"}],"wp:featuredmedia":[{"embeddable":true,"href":"https:\/\/coronelxavierchaves.mg.gov.br\/prefeitura\/wp-json\/wp\/v2\/media\/4366"}],"wp:attachment":[{"href":"https:\/\/coronelxavierchaves.mg.gov.br\/prefeitura\/wp-json\/wp\/v2\/media?parent=22783"}],"wp:term":[{"taxonomy":"category","embeddable":true,"href":"https:\/\/coronelxavierchaves.mg.gov.br\/prefeitura\/wp-json\/wp\/v2\/categories?post=22783"},{"taxonomy":"post_tag","embeddable":true,"href":"https:\/\/coronelxavierchaves.mg.gov.br\/prefeitura\/wp-json\/wp\/v2\/tags?post=22783"}],"curies":[{"name":"wp","href":"https:\/\/api.w.org\/{rel}","templated":true}]}}