{"id":22828,"date":"2025-02-21T15:30:08","date_gmt":"2025-02-21T18:30:08","guid":{"rendered":"https:\/\/coronelxavierchaves.mg.gov.br\/prefeitura\/?p=22828"},"modified":"2025-02-21T15:30:08","modified_gmt":"2025-02-21T18:30:08","slug":"1o-termo-aditivo-pl-05-2025-contratacao-de-empresa-para-a-prestacao-de-servicos-de-transporte-escolar-de-alunos-da-rede-estadual-e-municipal","status":"publish","type":"post","link":"https:\/\/coronelxavierchaves.mg.gov.br\/prefeitura\/2025\/02\/21\/1o-termo-aditivo-pl-05-2025-contratacao-de-empresa-para-a-prestacao-de-servicos-de-transporte-escolar-de-alunos-da-rede-estadual-e-municipal\/","title":{"rendered":"1\u00ba Termo Aditivo (PL 05\/2025) &#8211; Contrata\u00e7\u00e3o de empresa para a presta\u00e7\u00e3o de servi\u00e7os de transporte escolar de alunos da rede estadual e municipal"},"content":{"rendered":"<blockquote><p>DOWNLOADS<\/p><\/blockquote>\n<ul>\n<li><a href=\"https:\/\/coronelxavierchaves.mg.gov.br\/prefeitura\/wp-content\/uploads\/2025\/02\/1o-TERMO-DE-ADITAMENTO-WESLEY-05-2025.pdf\">1\u00ba TERMO DE ADITIVO<\/a>, publicado em 21\/02\/2025 \u00e0s 15:30h.<\/li>\n<\/ul>\n<blockquote><p>OBJETO<\/p><\/blockquote>\n<div style=\"text-align: justify;\">\n<div style=\"text-align: justify;\"><b>CONTRATA\u00c7\u00c3O DE EMPRESA PARA A PRESTA\u00c7\u00c3O DE SERVI\u00c7OS DE TRANSPORTE ESCOLAR DE ALUNOS DA REDE ESTADUAL E MUNICIPAL DE ENSINO DO MUNIC\u00cdPIO DE CORONEL XAVIER CHAVES, NAS LINHAS QUE CONECTAM O MUNIC\u00cdPIO \u00c0S COMUNIDADES RURAIS DE CACHOEIRA E S\u00c3O CAETANO. A EXECU\u00c7\u00c3O SER\u00c1 REALIZADA SOB O REGIME DE MENOR PRE\u00c7O POR VIAGEM DI\u00c1RIA (IDA E VOLTA), ENGLOBANDO OS CUSTOS COM A MANUTEN\u00c7\u00c3O DO VE\u00cdCULO, COMBUST\u00cdVEL E MOTORISTA.\u00a0<\/b><\/div>\n<\/div>\n<p>&nbsp;<\/p>\n<div class=\"printshowonly\">\n<p>*<b>PUBLICA\u00c7\u00c3O<\/b><\/p>\n<ul>\n<li>Um destaque desta publica\u00e7\u00e3o foi gerado na p\u00e1gina inicial do site, dispon\u00edvel at\u00e9 que demais publica\u00e7\u00f5es sejam realizadas.<\/li>\n<li>Uma publica\u00e7\u00e3o permanente foi feita na p\u00e1gina de Editais e Licita\u00e7\u00f5es.<\/li>\n<li>Link para acesso:\u00a0http:\/\/coronelxavierchaves.mg.gov.br\/prefeitura\/wp-json\/wp\/v2\/posts\/22828<\/li>\n<\/ul>\n<\/div>\n","protected":false},"excerpt":{"rendered":"<p>DOWNLOADS 1\u00ba TERMO DE ADITIVO, publicado em 21\/02\/2025 \u00e0s 15:30h. OBJETO CONTRATA\u00c7\u00c3O DE EMPRESA PARA A PRESTA\u00c7\u00c3O DE SERVI\u00c7OS DE TRANSPORTE ESCOLAR DE ALUNOS DA REDE ESTADUAL E MUNICIPAL DE ENSINO DO MUNIC\u00cdPIO DE CORONEL XAVIER CHAVES, NAS LINHAS QUE CONECTAM O MUNIC\u00cdPIO \u00c0S COMUNIDADES RURAIS DE CACHOEIRA E S\u00c3O CAETANO. A EXECU\u00c7\u00c3O SER\u00c1 REALIZADA [&hellip;]<\/p>\n","protected":false},"author":3,"featured_media":4367,"comment_status":"open","ping_status":"open","sticky":false,"template":"","format":"standard","meta":{"footnotes":"","_links_to":"","_links_to_target":""},"categories":[139],"tags":[],"class_list":{"0":"post-22828","1":"post","2":"type-post","3":"status-publish","4":"format-standard","5":"has-post-thumbnail","7":"category-contratos-aditivos-atas-e-outros-2025"},"_links":{"self":[{"href":"https:\/\/coronelxavierchaves.mg.gov.br\/prefeitura\/wp-json\/wp\/v2\/posts\/22828","targetHints":{"allow":["GET"]}}],"collection":[{"href":"https:\/\/coronelxavierchaves.mg.gov.br\/prefeitura\/wp-json\/wp\/v2\/posts"}],"about":[{"href":"https:\/\/coronelxavierchaves.mg.gov.br\/prefeitura\/wp-json\/wp\/v2\/types\/post"}],"author":[{"embeddable":true,"href":"https:\/\/coronelxavierchaves.mg.gov.br\/prefeitura\/wp-json\/wp\/v2\/users\/3"}],"replies":[{"embeddable":true,"href":"https:\/\/coronelxavierchaves.mg.gov.br\/prefeitura\/wp-json\/wp\/v2\/comments?post=22828"}],"version-history":[{"count":1,"href":"https:\/\/coronelxavierchaves.mg.gov.br\/prefeitura\/wp-json\/wp\/v2\/posts\/22828\/revisions"}],"predecessor-version":[{"id":22830,"href":"https:\/\/coronelxavierchaves.mg.gov.br\/prefeitura\/wp-json\/wp\/v2\/posts\/22828\/revisions\/22830"}],"wp:featuredmedia":[{"embeddable":true,"href":"https:\/\/coronelxavierchaves.mg.gov.br\/prefeitura\/wp-json\/wp\/v2\/media\/4367"}],"wp:attachment":[{"href":"https:\/\/coronelxavierchaves.mg.gov.br\/prefeitura\/wp-json\/wp\/v2\/media?parent=22828"}],"wp:term":[{"taxonomy":"category","embeddable":true,"href":"https:\/\/coronelxavierchaves.mg.gov.br\/prefeitura\/wp-json\/wp\/v2\/categories?post=22828"},{"taxonomy":"post_tag","embeddable":true,"href":"https:\/\/coronelxavierchaves.mg.gov.br\/prefeitura\/wp-json\/wp\/v2\/tags?post=22828"}],"curies":[{"name":"wp","href":"https:\/\/api.w.org\/{rel}","templated":true}]}}