{"id":22849,"date":"2025-02-21T16:07:08","date_gmt":"2025-02-21T19:07:08","guid":{"rendered":"https:\/\/coronelxavierchaves.mg.gov.br\/prefeitura\/?p=22849"},"modified":"2025-02-21T16:07:08","modified_gmt":"2025-02-21T19:07:08","slug":"contratos-pa-14-2025-inexigibilidade-no-02-2025-credenciamento-de-fornecedores-para-a-aquisicao-de-generos-alimenticios-da-agricultura-familiar-e-do-empreendedor-familiar-rural-pnae","status":"publish","type":"post","link":"https:\/\/coronelxavierchaves.mg.gov.br\/prefeitura\/2025\/02\/21\/contratos-pa-14-2025-inexigibilidade-no-02-2025-credenciamento-de-fornecedores-para-a-aquisicao-de-generos-alimenticios-da-agricultura-familiar-e-do-empreendedor-familiar-rural-pnae\/","title":{"rendered":"Contratos (PA 14\/2025) Inexigibilidade n\u00ba 02\/2025 &#8211; Credenciamento de fornecedores para a aquisi\u00e7\u00e3o de g\u00eaneros aliment\u00edcios da agricultura familiar e do empreendedor familiar rural \u2013 PNAE"},"content":{"rendered":"<blockquote><p>DOWNLOADS<\/p><\/blockquote>\n<ul>\n<li><a href=\"https:\/\/coronelxavierchaves.mg.gov.br\/prefeitura\/wp-content\/uploads\/2025\/02\/CONTRATO-ENEIA-14-2025.pdf\">CONTRATO: ENEIA<\/a>, publicado em 21\/02\/2025 \u00e0s 16:07h.<\/li>\n<li><a href=\"https:\/\/coronelxavierchaves.mg.gov.br\/prefeitura\/wp-content\/uploads\/2025\/02\/CONTRATO-LUCAS-14-2025.pdf\">CONTRATO: LUCAS<\/a>, publicado em 21\/02\/2025 \u00e0s 16:07h.<\/li>\n<li><a href=\"https:\/\/coronelxavierchaves.mg.gov.br\/prefeitura\/wp-content\/uploads\/2025\/02\/CONTRATO-SAMUEL-14-2025.pdf\">CONTRATO: SAMUEL<\/a>, publicado em 21\/02\/2025 \u00e0s 16:07h.<\/li>\n<li><a href=\"https:\/\/coronelxavierchaves.mg.gov.br\/prefeitura\/wp-content\/uploads\/2025\/02\/CONTRATO-VALDINEI-14-2025.pdf\">CONTRATO: VALDINEI<\/a>, publicado em 21\/02\/2025 \u00e0s 16:07h.<\/li>\n<\/ul>\n<blockquote><p>OBJETO<\/p><\/blockquote>\n<div style=\"text-align: justify;\">\n<div style=\"text-align: justify;\">\n<p><b>CREDENCIAMENTO DE FORNECEDORES PARA A AQUISI\u00c7\u00c3O DIRETA DE G\u00caNEROS ALIMENT\u00cdCIOS DA AGRICULTURA FAMILIAR E DO EMPREENDEDOR FAMILIAR RURAL, CONFORME PROGRAMA NACIONAL DE ALIMENTA\u00c7\u00c3O ESCOLAR \u2013 PNAE, PARA ATENDER A REDE MUNICIPAL DE ENSINO.<\/b><\/p>\n<\/div>\n<div>\n<p>&nbsp;<\/p>\n<div>\n<p>*<b>PUBLICA\u00c7\u00c3O<\/b><\/p>\n<ul>\n<li>Um destaque desta publica\u00e7\u00e3o foi gerado na p\u00e1gina inicial do site, dispon\u00edvel at\u00e9 que demais publica\u00e7\u00f5es sejam realizadas.<\/li>\n<li>Uma publica\u00e7\u00e3o permanente foi feita na p\u00e1gina de Editais e Licita\u00e7\u00f5es.<\/li>\n<li>Link para acesso:\u00a0http:\/\/coronelxavierchaves.mg.gov.br\/prefeitura\/wp-json\/wp\/v2\/posts\/22849<\/li>\n<\/ul>\n<\/div>\n<\/div>\n<\/div>\n","protected":false},"excerpt":{"rendered":"<p>DOWNLOADS CONTRATO: ENEIA, publicado em 21\/02\/2025 \u00e0s 16:07h. CONTRATO: LUCAS, publicado em 21\/02\/2025 \u00e0s 16:07h. CONTRATO: SAMUEL, publicado em 21\/02\/2025 \u00e0s 16:07h. CONTRATO: VALDINEI, publicado em 21\/02\/2025 \u00e0s 16:07h. OBJETO CREDENCIAMENTO DE FORNECEDORES PARA A AQUISI\u00c7\u00c3O DIRETA DE G\u00caNEROS ALIMENT\u00cdCIOS DA AGRICULTURA FAMILIAR E DO EMPREENDEDOR FAMILIAR RURAL, CONFORME PROGRAMA NACIONAL DE ALIMENTA\u00c7\u00c3O ESCOLAR \u2013 [&hellip;]<\/p>\n","protected":false},"author":3,"featured_media":4367,"comment_status":"open","ping_status":"open","sticky":false,"template":"","format":"standard","meta":{"footnotes":"","_links_to":"","_links_to_target":""},"categories":[139],"tags":[],"class_list":{"0":"post-22849","1":"post","2":"type-post","3":"status-publish","4":"format-standard","5":"has-post-thumbnail","7":"category-contratos-aditivos-atas-e-outros-2025"},"_links":{"self":[{"href":"https:\/\/coronelxavierchaves.mg.gov.br\/prefeitura\/wp-json\/wp\/v2\/posts\/22849","targetHints":{"allow":["GET"]}}],"collection":[{"href":"https:\/\/coronelxavierchaves.mg.gov.br\/prefeitura\/wp-json\/wp\/v2\/posts"}],"about":[{"href":"https:\/\/coronelxavierchaves.mg.gov.br\/prefeitura\/wp-json\/wp\/v2\/types\/post"}],"author":[{"embeddable":true,"href":"https:\/\/coronelxavierchaves.mg.gov.br\/prefeitura\/wp-json\/wp\/v2\/users\/3"}],"replies":[{"embeddable":true,"href":"https:\/\/coronelxavierchaves.mg.gov.br\/prefeitura\/wp-json\/wp\/v2\/comments?post=22849"}],"version-history":[{"count":1,"href":"https:\/\/coronelxavierchaves.mg.gov.br\/prefeitura\/wp-json\/wp\/v2\/posts\/22849\/revisions"}],"predecessor-version":[{"id":22854,"href":"https:\/\/coronelxavierchaves.mg.gov.br\/prefeitura\/wp-json\/wp\/v2\/posts\/22849\/revisions\/22854"}],"wp:featuredmedia":[{"embeddable":true,"href":"https:\/\/coronelxavierchaves.mg.gov.br\/prefeitura\/wp-json\/wp\/v2\/media\/4367"}],"wp:attachment":[{"href":"https:\/\/coronelxavierchaves.mg.gov.br\/prefeitura\/wp-json\/wp\/v2\/media?parent=22849"}],"wp:term":[{"taxonomy":"category","embeddable":true,"href":"https:\/\/coronelxavierchaves.mg.gov.br\/prefeitura\/wp-json\/wp\/v2\/categories?post=22849"},{"taxonomy":"post_tag","embeddable":true,"href":"https:\/\/coronelxavierchaves.mg.gov.br\/prefeitura\/wp-json\/wp\/v2\/tags?post=22849"}],"curies":[{"name":"wp","href":"https:\/\/api.w.org\/{rel}","templated":true}]}}