{"id":22857,"date":"2025-02-21T16:10:06","date_gmt":"2025-02-21T19:10:06","guid":{"rendered":"https:\/\/coronelxavierchaves.mg.gov.br\/prefeitura\/?p=22857"},"modified":"2025-02-21T16:10:06","modified_gmt":"2025-02-21T19:10:06","slug":"contrato-pa-21-2025-dispensa-06-2025-contrato-para-estabelecer-as-bases-de-cooperacao-para-o-atendimento-de-criancas-e-adolescentes-em-abrigo-modalidade-casa-lar-cisver","status":"publish","type":"post","link":"https:\/\/coronelxavierchaves.mg.gov.br\/prefeitura\/2025\/02\/21\/contrato-pa-21-2025-dispensa-06-2025-contrato-para-estabelecer-as-bases-de-cooperacao-para-o-atendimento-de-criancas-e-adolescentes-em-abrigo-modalidade-casa-lar-cisver\/","title":{"rendered":"Contrato (PA 21\/2025) &#8211; Dispensa (06\/2025) &#8211; Contrato para estabelecer as bases de coopera\u00e7\u00e3o para o atendimento de crian\u00e7as e adolescentes em abrigo modalidade casa lar &#8211; CISVER"},"content":{"rendered":"<blockquote><p>DOWNLOADS<\/p><\/blockquote>\n<ul>\n<li><a href=\"https:\/\/coronelxavierchaves.mg.gov.br\/prefeitura\/wp-content\/uploads\/2025\/02\/Contrato-Casa-Lar-2025-21-2025.pdf\">CONTRATO<\/a>, publicado em 21\/02\/2025 \u00e0s 16:10h.<\/li>\n<\/ul>\n<blockquote><p>OBJETO<\/p><\/blockquote>\n<div style=\"text-align: justify;\">\n<div style=\"text-align: justify;\">\n<p><b>CONTRATO PARA\u00a0<\/b><b>ESTABELECER AS BASES DE COOPERA\u00c7\u00c3O PARA O ATENDIMENTO DE CRIAN\u00c7AS E ADOLESCENTES EM ABRIGO MODALIDADE CASA LAR, BUSCANDO UM MELHOR DESENVOLVIMENTO E ATENDIMENTO DE SUAS NECESSIDADES, N\u00c3O PERDENDO A PERSPECTIVA DE REVINCULA\u00c7\u00c3O FAMILIAR E COMUNIT\u00c1RIA, DOS MUNIC\u00cdPIOS DO CISVER \u2013 CONS\u00d3RCIO INTERMUNICIPAL DE SA\u00daDE DAS VERTENTES.<\/b><\/p>\n<\/div>\n<div>\n<p>&nbsp;<\/p>\n<div>\n<p>*<b>PUBLICA\u00c7\u00c3O<\/b><\/p>\n<ul>\n<li>Um destaque desta publica\u00e7\u00e3o foi gerado na p\u00e1gina inicial do site, dispon\u00edvel at\u00e9 que demais publica\u00e7\u00f5es sejam realizadas.<\/li>\n<li>Uma publica\u00e7\u00e3o permanente foi feita na p\u00e1gina de Editais e Licita\u00e7\u00f5es.<\/li>\n<li>Link para acesso:\u00a0http:\/\/coronelxavierchaves.mg.gov.br\/prefeitura\/wp-json\/wp\/v2\/posts\/22857<\/li>\n<\/ul>\n<\/div>\n<\/div>\n<\/div>\n","protected":false},"excerpt":{"rendered":"<p>DOWNLOADS CONTRATO, publicado em 21\/02\/2025 \u00e0s 16:10h. OBJETO CONTRATO PARA\u00a0ESTABELECER AS BASES DE COOPERA\u00c7\u00c3O PARA O ATENDIMENTO DE CRIAN\u00c7AS E ADOLESCENTES EM ABRIGO MODALIDADE CASA LAR, BUSCANDO UM MELHOR DESENVOLVIMENTO E ATENDIMENTO DE SUAS NECESSIDADES, N\u00c3O PERDENDO A PERSPECTIVA DE REVINCULA\u00c7\u00c3O FAMILIAR E COMUNIT\u00c1RIA, DOS MUNIC\u00cdPIOS DO CISVER \u2013 CONS\u00d3RCIO INTERMUNICIPAL DE SA\u00daDE DAS VERTENTES. [&hellip;]<\/p>\n","protected":false},"author":3,"featured_media":4367,"comment_status":"open","ping_status":"open","sticky":false,"template":"","format":"standard","meta":{"footnotes":"","_links_to":"","_links_to_target":""},"categories":[139],"tags":[],"class_list":{"0":"post-22857","1":"post","2":"type-post","3":"status-publish","4":"format-standard","5":"has-post-thumbnail","7":"category-contratos-aditivos-atas-e-outros-2025"},"_links":{"self":[{"href":"https:\/\/coronelxavierchaves.mg.gov.br\/prefeitura\/wp-json\/wp\/v2\/posts\/22857","targetHints":{"allow":["GET"]}}],"collection":[{"href":"https:\/\/coronelxavierchaves.mg.gov.br\/prefeitura\/wp-json\/wp\/v2\/posts"}],"about":[{"href":"https:\/\/coronelxavierchaves.mg.gov.br\/prefeitura\/wp-json\/wp\/v2\/types\/post"}],"author":[{"embeddable":true,"href":"https:\/\/coronelxavierchaves.mg.gov.br\/prefeitura\/wp-json\/wp\/v2\/users\/3"}],"replies":[{"embeddable":true,"href":"https:\/\/coronelxavierchaves.mg.gov.br\/prefeitura\/wp-json\/wp\/v2\/comments?post=22857"}],"version-history":[{"count":1,"href":"https:\/\/coronelxavierchaves.mg.gov.br\/prefeitura\/wp-json\/wp\/v2\/posts\/22857\/revisions"}],"predecessor-version":[{"id":22859,"href":"https:\/\/coronelxavierchaves.mg.gov.br\/prefeitura\/wp-json\/wp\/v2\/posts\/22857\/revisions\/22859"}],"wp:featuredmedia":[{"embeddable":true,"href":"https:\/\/coronelxavierchaves.mg.gov.br\/prefeitura\/wp-json\/wp\/v2\/media\/4367"}],"wp:attachment":[{"href":"https:\/\/coronelxavierchaves.mg.gov.br\/prefeitura\/wp-json\/wp\/v2\/media?parent=22857"}],"wp:term":[{"taxonomy":"category","embeddable":true,"href":"https:\/\/coronelxavierchaves.mg.gov.br\/prefeitura\/wp-json\/wp\/v2\/categories?post=22857"},{"taxonomy":"post_tag","embeddable":true,"href":"https:\/\/coronelxavierchaves.mg.gov.br\/prefeitura\/wp-json\/wp\/v2\/tags?post=22857"}],"curies":[{"name":"wp","href":"https:\/\/api.w.org\/{rel}","templated":true}]}}