{"id":22872,"date":"2025-02-24T14:55:11","date_gmt":"2025-02-24T17:55:11","guid":{"rendered":"https:\/\/coronelxavierchaves.mg.gov.br\/prefeitura\/?p=22872"},"modified":"2026-01-28T14:03:10","modified_gmt":"2026-01-28T17:03:10","slug":"aviso-de-licitacao-pl-27-2025-contratacao-de-empresa-especializada-na-prestacao-de-servicos-de-locacao-de-minigeracao-distribuida-de-energia-eletrica-de-fonte-fotovoltaica","status":"publish","type":"post","link":"https:\/\/coronelxavierchaves.mg.gov.br\/prefeitura\/2025\/02\/24\/aviso-de-licitacao-pl-27-2025-contratacao-de-empresa-especializada-na-prestacao-de-servicos-de-locacao-de-minigeracao-distribuida-de-energia-eletrica-de-fonte-fotovoltaica\/","title":{"rendered":"Aviso de Licita\u00e7\u00e3o (PL 27\/2025) &#8211; Contrata\u00e7\u00e3o de empresa especializada na presta\u00e7\u00e3o de servi\u00e7os de loca\u00e7\u00e3o de minigera\u00e7\u00e3o distribu\u00edda de energia el\u00e9trica de fonte fotovoltaica"},"content":{"rendered":"<blockquote>\n<p style=\"text-align: center;\">DOWNLOADS<\/p>\n<\/blockquote>\n<ul>\n<li style=\"list-style-type: none;\">\n<ul>\n<li><del><a href=\"https:\/\/coronelxavierchaves.mg.gov.br\/prefeitura\/wp-content\/uploads\/2025\/02\/EDITAL-27-2025a.pdf\">EDITAL<\/a>, publicado em 24\/02\/2025 \u00e0s 14:55h.<\/del> Retificado em 11\/03\/2025.<\/li>\n<li><a href=\"https:\/\/coronelxavierchaves.mg.gov.br\/prefeitura\/wp-content\/uploads\/2025\/03\/13-ERRATA.pdf\">ERRATA<\/a>, publicado em 11\/03\/2025 \u00e0s 16:33h.<\/li>\n<li><a href=\"https:\/\/coronelxavierchaves.mg.gov.br\/prefeitura\/wp-content\/uploads\/2025\/03\/14-EDITAL-RETIFICADO.pdf\">EDITAL RETIFICADO<\/a>, publicado em 11\/03\/2025 \u00e0s 16:34h.<\/li>\n<li><a href=\"https:\/\/coronelxavierchaves.mg.gov.br\/prefeitura\/wp-content\/uploads\/2025\/06\/CONVOCACAO-REABERTURA-DE-SESSAO-27-2025.pdf\">CONVOCA\u00c7\u00c3O DE REABERTURA DE SESS\u00c3O<\/a>, publicado em 10\/06\/2025 \u00e0s 15:45h.<\/li>\n<li><a href=\"https:\/\/coronelxavierchaves.mg.gov.br\/prefeitura\/wp-content\/uploads\/2025\/02\/PARECER-JURIDICO-27-2025.pdf\">PARECER JUR\u00cdDICO<\/a>, publicado em 28\/01\/2026 \u00e0s 14:03h.<\/li>\n<li><a href=\"https:\/\/coronelxavierchaves.mg.gov.br\/prefeitura\/wp-content\/uploads\/2025\/02\/DECISAO-ADMINISTRATIVA-27-2025.pdf\">DECIS\u00c3O ADMINISTRATIVA<\/a>, publicado em 28\/01\/2026 \u00e0s 14:03h.<\/li>\n<\/ul>\n<\/li>\n<\/ul>\n<p>&nbsp;<\/p>\n<p style=\"font-weight: 400; text-align: center;\"><strong><u>AVISO DE LICITA\u00c7\u00c3O<\/u><\/strong><\/p>\n<p style=\"text-align: justify;\">Prefeitura Municipal de Coronel Xavier Chaves\/MG. Aviso de Licita\u00e7\u00e3o &#8211; Processo Licitat\u00f3rio \u2013 27\/2025, Preg\u00e3o Eletr\u00f4nico \u2013 15\/2025, do tipo\u00a0<u>Maior Desconto.\u00a0<\/u>Objeto:\u00a0<strong>CONTRATA\u00c7\u00c3O DE EMPRESA ESPECIALIZADA NA PRESTA\u00c7\u00c3O DE SERVI\u00c7OS DE LOCA\u00c7\u00c3O DE MINIGERA\u00c7\u00c3O DISTRIBU\u00cdDA DE ENERGIA EL\u00c9TRICA DE FONTE FOTOVOLTAICA, POR MEIO DO SISTEMA DE COMPENSA\u00c7\u00c3O DE ENERGIA EL\u00c9TRICA (SCEE), NA MODALIDADE GERA\u00c7\u00c3O COMPARTILHADA, CONFORME LEI 14.300\/2022 E RESOLU\u00c7\u00c3O NORMATIVA ANEEL N\u00ba 1000\/2021 E 1.059\/2023\u201d<\/strong><strong>.<\/strong>\u00a0Limite de acolhimento das propostas: dia 13\/03\/2025 \u00e0s 07h59min.\u00a0<strong>DISPUTA: 13\/03\/2025, \u00e0s 08h30min, na Plataforma LICITAPP<\/strong>,\u00a0<a href=\"https:\/\/coronelxavierchaves.licitapp.com.br\/\">https:\/\/coronelxavierchaves.licitapp.com.br\/\/<\/a>.\u00a0O edital est\u00e1 dispon\u00edvel no site\u00a0\u201c<a href=\"http:\/\/www.coronelxavierchaves.mg.gov.br\/\">www.coronelxavierchaves.mg.gov.br<\/a>&#8220;, mais informa\u00e7\u00f5es\u00a0na prefeitura municipal \u00e0 Rua Padre Reis, 84, Centro, Coronel Xavier Chaves\/MG, no hor\u00e1rio de 08h00min \u00e0s 12h00min e de 13h00min \u00e0s 16h00min. Tel.:\u00a0<a href=\"tel:%2832%29%203357-1235\">(32) 3216-1053<\/a>\/ (32) 9 9199-6496 (<em>Whatsapp<\/em>). Coronel Xavier Chaves, 24 de fevereiro de 2025. Juliana Jaques Camargos \u2013 Agente de Contrata\u00e7\u00e3o.<\/p>\n<p>&nbsp;<\/p>\n<p>&nbsp;<\/p>\n<div class=\"printshowonly\">\n<p>*<b>PUBLICA\u00c7\u00c3O<\/b><\/p>\n<ul>\n<li>Um destaque desta publica\u00e7\u00e3o foi gerado na p\u00e1gina inicial do site, dispon\u00edvel at\u00e9 que demais publica\u00e7\u00f5es sejam realizadas.<\/li>\n<li>Uma publica\u00e7\u00e3o permanente foi feita na p\u00e1gina de Editais e Licita\u00e7\u00f5es.<\/li>\n<li>Link para acesso: http:\/\/coronelxavierchaves.mg.gov.br\/prefeitura\/wp-json\/wp\/v2\/posts\/22872<\/li>\n<\/ul>\n<\/div>\n","protected":false},"excerpt":{"rendered":"<p>DOWNLOADS EDITAL, publicado em 24\/02\/2025 \u00e0s 14:55h. Retificado em 11\/03\/2025. ERRATA, publicado em 11\/03\/2025 \u00e0s 16:33h. EDITAL RETIFICADO, publicado em 11\/03\/2025 \u00e0s 16:34h. CONVOCA\u00c7\u00c3O DE REABERTURA DE SESS\u00c3O, publicado em 10\/06\/2025 \u00e0s 15:45h. PARECER JUR\u00cdDICO, publicado em 28\/01\/2026 \u00e0s 14:03h. DECIS\u00c3O ADMINISTRATIVA, publicado em 28\/01\/2026 \u00e0s 14:03h. &nbsp; AVISO DE LICITA\u00c7\u00c3O Prefeitura Municipal de Coronel [&hellip;]<\/p>\n","protected":false},"author":3,"featured_media":4366,"comment_status":"closed","ping_status":"closed","sticky":false,"template":"","format":"standard","meta":{"footnotes":"","_links_to":"","_links_to_target":""},"categories":[135],"tags":[],"class_list":{"0":"post-22872","1":"post","2":"type-post","3":"status-publish","4":"format-standard","5":"has-post-thumbnail","7":"category-editais-de-licitacao-2025"},"_links":{"self":[{"href":"https:\/\/coronelxavierchaves.mg.gov.br\/prefeitura\/wp-json\/wp\/v2\/posts\/22872","targetHints":{"allow":["GET"]}}],"collection":[{"href":"https:\/\/coronelxavierchaves.mg.gov.br\/prefeitura\/wp-json\/wp\/v2\/posts"}],"about":[{"href":"https:\/\/coronelxavierchaves.mg.gov.br\/prefeitura\/wp-json\/wp\/v2\/types\/post"}],"author":[{"embeddable":true,"href":"https:\/\/coronelxavierchaves.mg.gov.br\/prefeitura\/wp-json\/wp\/v2\/users\/3"}],"replies":[{"embeddable":true,"href":"https:\/\/coronelxavierchaves.mg.gov.br\/prefeitura\/wp-json\/wp\/v2\/comments?post=22872"}],"version-history":[{"count":7,"href":"https:\/\/coronelxavierchaves.mg.gov.br\/prefeitura\/wp-json\/wp\/v2\/posts\/22872\/revisions"}],"predecessor-version":[{"id":26504,"href":"https:\/\/coronelxavierchaves.mg.gov.br\/prefeitura\/wp-json\/wp\/v2\/posts\/22872\/revisions\/26504"}],"wp:featuredmedia":[{"embeddable":true,"href":"https:\/\/coronelxavierchaves.mg.gov.br\/prefeitura\/wp-json\/wp\/v2\/media\/4366"}],"wp:attachment":[{"href":"https:\/\/coronelxavierchaves.mg.gov.br\/prefeitura\/wp-json\/wp\/v2\/media?parent=22872"}],"wp:term":[{"taxonomy":"category","embeddable":true,"href":"https:\/\/coronelxavierchaves.mg.gov.br\/prefeitura\/wp-json\/wp\/v2\/categories?post=22872"},{"taxonomy":"post_tag","embeddable":true,"href":"https:\/\/coronelxavierchaves.mg.gov.br\/prefeitura\/wp-json\/wp\/v2\/tags?post=22872"}],"curies":[{"name":"wp","href":"https:\/\/api.w.org\/{rel}","templated":true}]}}