{"id":22885,"date":"2025-02-25T12:07:14","date_gmt":"2025-02-25T15:07:14","guid":{"rendered":"https:\/\/coronelxavierchaves.mg.gov.br\/prefeitura\/?p=22885"},"modified":"2025-02-25T12:07:58","modified_gmt":"2025-02-25T15:07:58","slug":"contratos-pl-10-2025-permissao-precaria-de-uso-de-04-quatro-espacos-publicos-para-funcionamento-de-bares-durante-o-evento-cxc-folia-2025","status":"publish","type":"post","link":"https:\/\/coronelxavierchaves.mg.gov.br\/prefeitura\/2025\/02\/25\/contratos-pl-10-2025-permissao-precaria-de-uso-de-04-quatro-espacos-publicos-para-funcionamento-de-bares-durante-o-evento-cxc-folia-2025\/","title":{"rendered":"Contratos (PL 10\/2025) &#8211; Permiss\u00e3o prec\u00e1ria de uso de 04 (quatro) espa\u00e7os p\u00fablicos para funcionamento de bares durante o evento \u201cCXC Folia 2025&#8243;"},"content":{"rendered":"<blockquote><p>DOWNLOADS<\/p><\/blockquote>\n<ul>\n<li><a href=\"https:\/\/coronelxavierchaves.mg.gov.br\/prefeitura\/wp-content\/uploads\/2025\/02\/CONTRATO-DAIANE-10-2025.pdf\">CONTRATO: DAIANE<\/a>, publicado em 25\/02\/2025 \u00e0s 12:07h.<\/li>\n<li><a href=\"https:\/\/coronelxavierchaves.mg.gov.br\/prefeitura\/wp-content\/uploads\/2025\/02\/CONTRATO-ESAU-10-2025.pdf\">CONTRATO: ESAU<\/a>, publicado em 25\/02\/2025 \u00e0s 12:07h.<\/li>\n<li><a href=\"https:\/\/coronelxavierchaves.mg.gov.br\/prefeitura\/wp-content\/uploads\/2025\/02\/CONTRATO-LUCIO-10-2025.pdf\">CONTRATO: LUCIO<\/a>, publicado em 25\/02\/2025 \u00e0s 12:07h.<\/li>\n<li><a href=\"https:\/\/coronelxavierchaves.mg.gov.br\/prefeitura\/wp-content\/uploads\/2025\/02\/CONTRATO-MARIA-ISABEL-10-2025.pdf\">CONTRATO: MARIA ISABEL<\/a>, publicado em 25\/02\/2025 \u00e0s 12:07h.<\/li>\n<\/ul>\n<p>&nbsp;<\/p>\n<blockquote><p>OBJETO<\/p><\/blockquote>\n<div style=\"text-align: justify;\">\n<div style=\"text-align: justify;\">\n<div style=\"text-align: justify;\">\n<div>\n<div style=\"text-align: justify;\"><b>PERMISS\u00c3O PREC\u00c1RIA DE USO DE 04 (QUATRO) ESPA\u00c7OS P\u00daBLICOS PARA FUNCIONAMENTO DE BARES (COM\u00c9RCIO DE G\u00caNEROS ALIMENT\u00cdCIOS E BEBIDAS), DURANTE O EVENTO \u201cCXC FOLIA 2025\u201d, A SER REALIZADO NA PRA\u00c7A CENTRAL DO MUNIC\u00cdPIO DE CORONEL XAVIER CHAVES, NO PER\u00cdODO DE 28\/02\/2025 \u00c0 04\/03\/2025<\/b><\/div>\n<div><\/div>\n<\/div>\n<div><\/div>\n<\/div>\n<\/div>\n<\/div>\n<div class=\"printshowonly\">\n<p>*<b>PUBLICA\u00c7\u00c3O<\/b><\/p>\n<ul>\n<li>Um destaque desta publica\u00e7\u00e3o foi gerado na p\u00e1gina inicial do site, dispon\u00edvel at\u00e9 que demais publica\u00e7\u00f5es sejam realizadas.<\/li>\n<li>Uma publica\u00e7\u00e3o permanente foi feita na p\u00e1gina de Editais e Licita\u00e7\u00f5es.<\/li>\n<li>Link para acesso:\u00a0http:\/\/coronelxavierchaves.mg.gov.br\/prefeitura\/wp-json\/wp\/v2\/posts\/22885<\/li>\n<\/ul>\n<\/div>\n","protected":false},"excerpt":{"rendered":"<p>DOWNLOADS CONTRATO: DAIANE, publicado em 25\/02\/2025 \u00e0s 12:07h. CONTRATO: ESAU, publicado em 25\/02\/2025 \u00e0s 12:07h. CONTRATO: LUCIO, publicado em 25\/02\/2025 \u00e0s 12:07h. CONTRATO: MARIA ISABEL, publicado em 25\/02\/2025 \u00e0s 12:07h. &nbsp; OBJETO PERMISS\u00c3O PREC\u00c1RIA DE USO DE 04 (QUATRO) ESPA\u00c7OS P\u00daBLICOS PARA FUNCIONAMENTO DE BARES (COM\u00c9RCIO DE G\u00caNEROS ALIMENT\u00cdCIOS E BEBIDAS), DURANTE O EVENTO \u201cCXC [&hellip;]<\/p>\n","protected":false},"author":3,"featured_media":4367,"comment_status":"open","ping_status":"open","sticky":false,"template":"","format":"standard","meta":{"footnotes":"","_links_to":"","_links_to_target":""},"categories":[139],"tags":[],"class_list":{"0":"post-22885","1":"post","2":"type-post","3":"status-publish","4":"format-standard","5":"has-post-thumbnail","7":"category-contratos-aditivos-atas-e-outros-2025"},"_links":{"self":[{"href":"https:\/\/coronelxavierchaves.mg.gov.br\/prefeitura\/wp-json\/wp\/v2\/posts\/22885","targetHints":{"allow":["GET"]}}],"collection":[{"href":"https:\/\/coronelxavierchaves.mg.gov.br\/prefeitura\/wp-json\/wp\/v2\/posts"}],"about":[{"href":"https:\/\/coronelxavierchaves.mg.gov.br\/prefeitura\/wp-json\/wp\/v2\/types\/post"}],"author":[{"embeddable":true,"href":"https:\/\/coronelxavierchaves.mg.gov.br\/prefeitura\/wp-json\/wp\/v2\/users\/3"}],"replies":[{"embeddable":true,"href":"https:\/\/coronelxavierchaves.mg.gov.br\/prefeitura\/wp-json\/wp\/v2\/comments?post=22885"}],"version-history":[{"count":2,"href":"https:\/\/coronelxavierchaves.mg.gov.br\/prefeitura\/wp-json\/wp\/v2\/posts\/22885\/revisions"}],"predecessor-version":[{"id":22893,"href":"https:\/\/coronelxavierchaves.mg.gov.br\/prefeitura\/wp-json\/wp\/v2\/posts\/22885\/revisions\/22893"}],"wp:featuredmedia":[{"embeddable":true,"href":"https:\/\/coronelxavierchaves.mg.gov.br\/prefeitura\/wp-json\/wp\/v2\/media\/4367"}],"wp:attachment":[{"href":"https:\/\/coronelxavierchaves.mg.gov.br\/prefeitura\/wp-json\/wp\/v2\/media?parent=22885"}],"wp:term":[{"taxonomy":"category","embeddable":true,"href":"https:\/\/coronelxavierchaves.mg.gov.br\/prefeitura\/wp-json\/wp\/v2\/categories?post=22885"},{"taxonomy":"post_tag","embeddable":true,"href":"https:\/\/coronelxavierchaves.mg.gov.br\/prefeitura\/wp-json\/wp\/v2\/tags?post=22885"}],"curies":[{"name":"wp","href":"https:\/\/api.w.org\/{rel}","templated":true}]}}