{"id":22895,"date":"2025-02-25T13:33:25","date_gmt":"2025-02-25T16:33:25","guid":{"rendered":"https:\/\/coronelxavierchaves.mg.gov.br\/prefeitura\/?p=22895"},"modified":"2025-02-25T13:33:25","modified_gmt":"2025-02-25T16:33:25","slug":"ata-de-registro-de-precos-pl-11-2025-contratacao-de-empresa-para-fornecimento-parcelado-de-fitilho-retorcido","status":"publish","type":"post","link":"https:\/\/coronelxavierchaves.mg.gov.br\/prefeitura\/2025\/02\/25\/ata-de-registro-de-precos-pl-11-2025-contratacao-de-empresa-para-fornecimento-parcelado-de-fitilho-retorcido\/","title":{"rendered":"Ata de registro de pre\u00e7os (PL 11\/2025) &#8211; Contrata\u00e7\u00e3o de empresa para fornecimento parcelado de fitilho retorcido"},"content":{"rendered":"<blockquote><p>DOWNLOADS<\/p><\/blockquote>\n<ul>\n<li><a href=\"https:\/\/coronelxavierchaves.mg.gov.br\/prefeitura\/wp-content\/uploads\/2025\/02\/ARP-SUPRAPACK-11-2025.pdf\">ATA DE REGISTRO DE PRE\u00c7OS: SUPRAPACK<\/a>, publicado em 25\/02\/2025 \u00e0s 13:33h.<\/li>\n<\/ul>\n<blockquote><p>OBJETO<\/p><\/blockquote>\n<div style=\"text-align: justify;\">\n<div style=\"text-align: justify;\">CONTRATA\u00c7\u00c3O DE EMPRESA PARA FORNECIMENTO PARCELADO DE FITILHO RETORCIDO, UTILIZADO NO ENFARDAMENTO E NA ORGANIZA\u00c7\u00c3O DOS MATERIAIS RECICL\u00c1VEIS TRIADOS NA USINA DE TRIAGEM, COMPOSTAGEM E CENTRO DE REFER\u00caNCIA EM EDUCA\u00c7\u00c3O AMBIENTAL \u201cJOS\u00c9 BENTO DE CASTRO\u201d.<\/div>\n<div>\n<p>&nbsp;<\/p>\n<div>\n<p>*<b>PUBLICA\u00c7\u00c3O<\/b><\/p>\n<ul>\n<li>Um destaque desta publica\u00e7\u00e3o foi gerado na p\u00e1gina inicial do site, dispon\u00edvel at\u00e9 que demais publica\u00e7\u00f5es sejam realizadas.<\/li>\n<li>Uma publica\u00e7\u00e3o permanente foi feita na p\u00e1gina de Editais e Licita\u00e7\u00f5es.<\/li>\n<li>Link para acesso:\u00a0http:\/\/coronelxavierchaves.mg.gov.br\/prefeitura\/wp-json\/wp\/v2\/posts\/22895<\/li>\n<\/ul>\n<\/div>\n<\/div>\n<\/div>\n","protected":false},"excerpt":{"rendered":"<p>DOWNLOADS ATA DE REGISTRO DE PRE\u00c7OS: SUPRAPACK, publicado em 25\/02\/2025 \u00e0s 13:33h. OBJETO CONTRATA\u00c7\u00c3O DE EMPRESA PARA FORNECIMENTO PARCELADO DE FITILHO RETORCIDO, UTILIZADO NO ENFARDAMENTO E NA ORGANIZA\u00c7\u00c3O DOS MATERIAIS RECICL\u00c1VEIS TRIADOS NA USINA DE TRIAGEM, COMPOSTAGEM E CENTRO DE REFER\u00caNCIA EM EDUCA\u00c7\u00c3O AMBIENTAL \u201cJOS\u00c9 BENTO DE CASTRO\u201d. &nbsp; *PUBLICA\u00c7\u00c3O Um destaque desta publica\u00e7\u00e3o foi [&hellip;]<\/p>\n","protected":false},"author":3,"featured_media":4367,"comment_status":"open","ping_status":"open","sticky":false,"template":"","format":"standard","meta":{"footnotes":"","_links_to":"","_links_to_target":""},"categories":[139],"tags":[],"class_list":{"0":"post-22895","1":"post","2":"type-post","3":"status-publish","4":"format-standard","5":"has-post-thumbnail","7":"category-contratos-aditivos-atas-e-outros-2025"},"_links":{"self":[{"href":"https:\/\/coronelxavierchaves.mg.gov.br\/prefeitura\/wp-json\/wp\/v2\/posts\/22895","targetHints":{"allow":["GET"]}}],"collection":[{"href":"https:\/\/coronelxavierchaves.mg.gov.br\/prefeitura\/wp-json\/wp\/v2\/posts"}],"about":[{"href":"https:\/\/coronelxavierchaves.mg.gov.br\/prefeitura\/wp-json\/wp\/v2\/types\/post"}],"author":[{"embeddable":true,"href":"https:\/\/coronelxavierchaves.mg.gov.br\/prefeitura\/wp-json\/wp\/v2\/users\/3"}],"replies":[{"embeddable":true,"href":"https:\/\/coronelxavierchaves.mg.gov.br\/prefeitura\/wp-json\/wp\/v2\/comments?post=22895"}],"version-history":[{"count":1,"href":"https:\/\/coronelxavierchaves.mg.gov.br\/prefeitura\/wp-json\/wp\/v2\/posts\/22895\/revisions"}],"predecessor-version":[{"id":22898,"href":"https:\/\/coronelxavierchaves.mg.gov.br\/prefeitura\/wp-json\/wp\/v2\/posts\/22895\/revisions\/22898"}],"wp:featuredmedia":[{"embeddable":true,"href":"https:\/\/coronelxavierchaves.mg.gov.br\/prefeitura\/wp-json\/wp\/v2\/media\/4367"}],"wp:attachment":[{"href":"https:\/\/coronelxavierchaves.mg.gov.br\/prefeitura\/wp-json\/wp\/v2\/media?parent=22895"}],"wp:term":[{"taxonomy":"category","embeddable":true,"href":"https:\/\/coronelxavierchaves.mg.gov.br\/prefeitura\/wp-json\/wp\/v2\/categories?post=22895"},{"taxonomy":"post_tag","embeddable":true,"href":"https:\/\/coronelxavierchaves.mg.gov.br\/prefeitura\/wp-json\/wp\/v2\/tags?post=22895"}],"curies":[{"name":"wp","href":"https:\/\/api.w.org\/{rel}","templated":true}]}}