{"id":22900,"date":"2025-02-25T15:15:30","date_gmt":"2025-02-25T18:15:30","guid":{"rendered":"https:\/\/coronelxavierchaves.mg.gov.br\/prefeitura\/?p=22900"},"modified":"2025-02-25T15:15:30","modified_gmt":"2025-02-25T18:15:30","slug":"termo-de-cancelamento-pl-25-2025-aquisicao-de-medicamentos-genericos-e-similares-conforme-lista-constante-na-tabela-cmed-anvisa","status":"publish","type":"post","link":"https:\/\/coronelxavierchaves.mg.gov.br\/prefeitura\/2025\/02\/25\/termo-de-cancelamento-pl-25-2025-aquisicao-de-medicamentos-genericos-e-similares-conforme-lista-constante-na-tabela-cmed-anvisa\/","title":{"rendered":"Termo de Cancelamento (PL 25\/2025) &#8211; Aquisi\u00e7\u00e3o de medicamentos gen\u00e9ricos e similares, conforme lista constante na tabela CMED\/ANVISA"},"content":{"rendered":"<blockquote><p>DOWNLOADS<\/p><\/blockquote>\n<ul>\n<li><a href=\"https:\/\/coronelxavierchaves.mg.gov.br\/prefeitura\/wp-content\/uploads\/2025\/02\/TERMO-DE-CANCELAMENTO-25-2025.pdf\">TERMO DE CANCELAMENTO<\/a>, publicado em 25\/02\/2025 \u00e0s 15:15h.<\/li>\n<\/ul>\n<div>\n<blockquote><p>OBJETO<\/p><\/blockquote>\n<div style=\"text-align: justify;\">\n<div style=\"text-align: justify;\">\n<div style=\"text-align: justify;\">\n<p style=\"font-weight: 400;\">Aquisi\u00e7\u00e3o de medicamentos Gen\u00e9ricos e Similares, conforme lista constante na tabela CMED\/Anvisa, considerando o maior desconto sobre a coluna PF (Pre\u00e7o F\u00e1brica), para atender \u00e0s necessidades da Farm\u00e1cia de Minas \u201cJandir Silva\u201d e dos pacientes da rede municipal de sa\u00fade de Coronel Xavier Chaves\/MG.<\/p>\n<\/div>\n<div><\/div>\n<\/div>\n<\/div>\n<\/div>\n<div><\/div>\n<div class=\"printshowonly\">\n<p>*<b>PUBLICA\u00c7\u00c3O<\/b><\/p>\n<ul>\n<li>Um destaque desta publica\u00e7\u00e3o foi gerado na p\u00e1gina inicial do site, dispon\u00edvel at\u00e9 que demais publica\u00e7\u00f5es sejam realizadas.<\/li>\n<li>Uma publica\u00e7\u00e3o permanente foi feita na p\u00e1gina de Editais e Licita\u00e7\u00f5es.<\/li>\n<li>Link para acesso:\u00a0http:\/\/coronelxavierchaves.mg.gov.br\/prefeitura\/wp-json\/wp\/v2\/posts\/22900<\/li>\n<\/ul>\n<\/div>\n","protected":false},"excerpt":{"rendered":"<p>DOWNLOADS TERMO DE CANCELAMENTO, publicado em 25\/02\/2025 \u00e0s 15:15h. OBJETO Aquisi\u00e7\u00e3o de medicamentos Gen\u00e9ricos e Similares, conforme lista constante na tabela CMED\/Anvisa, considerando o maior desconto sobre a coluna PF (Pre\u00e7o F\u00e1brica), para atender \u00e0s necessidades da Farm\u00e1cia de Minas \u201cJandir Silva\u201d e dos pacientes da rede municipal de sa\u00fade de Coronel Xavier Chaves\/MG. *PUBLICA\u00c7\u00c3O [&hellip;]<\/p>\n","protected":false},"author":3,"featured_media":4367,"comment_status":"open","ping_status":"open","sticky":false,"template":"","format":"standard","meta":{"footnotes":"","_links_to":"","_links_to_target":""},"categories":[139],"tags":[],"class_list":{"0":"post-22900","1":"post","2":"type-post","3":"status-publish","4":"format-standard","5":"has-post-thumbnail","7":"category-contratos-aditivos-atas-e-outros-2025"},"_links":{"self":[{"href":"https:\/\/coronelxavierchaves.mg.gov.br\/prefeitura\/wp-json\/wp\/v2\/posts\/22900","targetHints":{"allow":["GET"]}}],"collection":[{"href":"https:\/\/coronelxavierchaves.mg.gov.br\/prefeitura\/wp-json\/wp\/v2\/posts"}],"about":[{"href":"https:\/\/coronelxavierchaves.mg.gov.br\/prefeitura\/wp-json\/wp\/v2\/types\/post"}],"author":[{"embeddable":true,"href":"https:\/\/coronelxavierchaves.mg.gov.br\/prefeitura\/wp-json\/wp\/v2\/users\/3"}],"replies":[{"embeddable":true,"href":"https:\/\/coronelxavierchaves.mg.gov.br\/prefeitura\/wp-json\/wp\/v2\/comments?post=22900"}],"version-history":[{"count":1,"href":"https:\/\/coronelxavierchaves.mg.gov.br\/prefeitura\/wp-json\/wp\/v2\/posts\/22900\/revisions"}],"predecessor-version":[{"id":22903,"href":"https:\/\/coronelxavierchaves.mg.gov.br\/prefeitura\/wp-json\/wp\/v2\/posts\/22900\/revisions\/22903"}],"wp:featuredmedia":[{"embeddable":true,"href":"https:\/\/coronelxavierchaves.mg.gov.br\/prefeitura\/wp-json\/wp\/v2\/media\/4367"}],"wp:attachment":[{"href":"https:\/\/coronelxavierchaves.mg.gov.br\/prefeitura\/wp-json\/wp\/v2\/media?parent=22900"}],"wp:term":[{"taxonomy":"category","embeddable":true,"href":"https:\/\/coronelxavierchaves.mg.gov.br\/prefeitura\/wp-json\/wp\/v2\/categories?post=22900"},{"taxonomy":"post_tag","embeddable":true,"href":"https:\/\/coronelxavierchaves.mg.gov.br\/prefeitura\/wp-json\/wp\/v2\/tags?post=22900"}],"curies":[{"name":"wp","href":"https:\/\/api.w.org\/{rel}","templated":true}]}}