{"id":22926,"date":"2025-03-06T11:59:09","date_gmt":"2025-03-06T14:59:09","guid":{"rendered":"https:\/\/coronelxavierchaves.mg.gov.br\/prefeitura\/?p=22926"},"modified":"2025-04-29T09:59:14","modified_gmt":"2025-04-29T12:59:14","slug":"aviso-de-licitacao-pl-28-2025-aquisicao-de-medicamentos-genericos-similares-injetaveis-especificos-e-biologicos-conforme-lista-constante-na-tabela-cmed-anvisa","status":"publish","type":"post","link":"https:\/\/coronelxavierchaves.mg.gov.br\/prefeitura\/2025\/03\/06\/aviso-de-licitacao-pl-28-2025-aquisicao-de-medicamentos-genericos-similares-injetaveis-especificos-e-biologicos-conforme-lista-constante-na-tabela-cmed-anvisa\/","title":{"rendered":"Aviso de Licita\u00e7\u00e3o (PL 28\/2025) &#8211; Aquisi\u00e7\u00e3o de medicamentos gen\u00e9ricos, similares, injet\u00e1veis, espec\u00edficos e biol\u00f3gicos conforme lista constante na tabela CMED\/ANVISA"},"content":{"rendered":"<blockquote>\n<p style=\"text-align: center;\">DOWNLOADS<\/p>\n<\/blockquote>\n<ul>\n<li style=\"list-style-type: none;\">\n<ul>\n<li><del><a href=\"https:\/\/coronelxavierchaves.mg.gov.br\/prefeitura\/wp-content\/uploads\/2025\/03\/EDITAL-28-2025.pdf\">EDITAL<\/a>, publicado em 06\/03\/2025 \u00e0s 11:59h.<\/del><\/li>\n<li><del><a href=\"https:\/\/coronelxavierchaves.mg.gov.br\/prefeitura\/wp-content\/uploads\/2025\/03\/13-ERRATA-1.pdf\">ERRATA<\/a>, publicado em 13\/03\/2025 \u00e0s 16:42h.<\/del><\/li>\n<li><del><a href=\"https:\/\/coronelxavierchaves.mg.gov.br\/prefeitura\/wp-content\/uploads\/2025\/03\/09-EDITAL-RETIFICADO-1.pdf\">EDITAL RETIFICADO<\/a>, publicado em 13\/03\/2025 \u00e0s 16:45h.<\/del><\/li>\n<li><a href=\"https:\/\/coronelxavierchaves.mg.gov.br\/prefeitura\/wp-content\/uploads\/2025\/03\/13-ERRATA-2.pdf\">2\u00aa ERRATA<\/a>, publicado em 20\/03\/2025 \u00e0s 09:10h.<\/li>\n<li><a href=\"https:\/\/coronelxavierchaves.mg.gov.br\/prefeitura\/wp-content\/uploads\/2025\/03\/09-EDITAL-RETIFICADO-2.pdf\">2\u00ba EDITAL RETIFICADO<\/a>, publicado em 20\/03\/2025 \u00e0s 09:16h.<\/li>\n<li><a href=\"https:\/\/coronelxavierchaves.mg.gov.br\/prefeitura\/wp-content\/uploads\/2025\/04\/ATA-DE-REGISTRO-DE-PRECOS-ALFALAGOS-28-2025.pdf\">ATA DE REGISTRO DE PRE\u00c7OS: ALFALAGOS<\/a>, publicado em 29\/04\/2025 \u00e0s 09:59h.<\/li>\n<li><a href=\"https:\/\/coronelxavierchaves.mg.gov.br\/prefeitura\/wp-content\/uploads\/2025\/04\/ATA-DE-REGISTRO-DE-PRECOS-REALPHARMA-28-2025.pdf\">ATA DE REGISTRO DE PRE\u00c7OS:: REALPHARMA<\/a>, publicado em 29\/04\/2025 \u00e0s 09:59h.<\/li>\n<\/ul>\n<\/li>\n<\/ul>\n<p>&nbsp;<\/p>\n<p style=\"font-weight: 400; text-align: center;\"><strong><u>AVISO DE LICITA\u00c7\u00c3O<\/u><\/strong><\/p>\n<p style=\"text-align: justify;\">Prefeitura Municipal de Coronel Xavier Chaves\/MG. Aviso de Licita\u00e7\u00e3o &#8211; Processo Licitat\u00f3rio \u2013\u00a028\/2025, Preg\u00e3o Eletr\u00f4nico \u2013 16\/2025, do tipo\u00a0<u>Maior Desconto por Item.\u00a0<\/u>Objeto:\u00a0<strong>AQUISI\u00c7\u00c3O DE MEDICAMENTOS GEN\u00c9RICOS, SIMILARES, INJET\u00c1VEIS, ESPEC\u00cdFICOS E BIOL\u00d3GICOS CONFORME LISTA CONSTANTE NA TABELA CMED\/ANVISA, CONSIDERANDO O MAIOR DESCONTO SOBRE A COLUNA PF (PRE\u00c7O F\u00c1BRICA), PARA ATENDER \u00c0S NECESSIDADES DA FARM\u00c1CIA DE MINAS \u201cJANDIR SILVA\u201d E DOS PACIENTES DA REDE MUNICIPAL DE SA\u00daDE DE CORONEL XAVIER CHAVES\/MG.<\/strong>\u00a0Limite de acolhimento das propostas: dia 03\/04\/2025\u00a0 \u00e0s 07h59min.\u00a0<strong>DISPUTA: 03\/04\/2025, \u00e0s 08h30min, na Plataforma LICITAPP<\/strong>,\u00a0<a href=\"https:\/\/coronelxavierchaves.licitapp.com.br\/\" data-saferedirecturl=\"https:\/\/www.google.com\/url?q=https:\/\/coronelxavierchaves.licitapp.com.br\/&amp;source=gmail&amp;ust=1743000617900000&amp;usg=AOvVaw31BybkV4D-eGAxHG7NE2p9\">https:\/\/coronelxavierchaves.licitapp.com.br\/\/<\/a>. A errata 2 e o edital\u00a0retificado 2 est\u00e3o dispon\u00edveis no site\u00a0\u201c<a href=\"http:\/\/www.coronelxavierchaves.mg.gov.br\/\" data-saferedirecturl=\"https:\/\/www.google.com\/url?q=http:\/\/www.coronelxavierchaves.mg.gov.br\/&amp;source=gmail&amp;ust=1743000617900000&amp;usg=AOvVaw3dP6fdvGNAcjKbp2vOMGbd\">www.coronelxavierchaves.mg.gov.br<\/a>&#8220;, mais informa\u00e7\u00f5es\u00a0na prefeitura municipal \u00e0 Rua Padre Reis, 84, Centro, Coronel Xavier Chaves\/MG, no hor\u00e1rio de 08h00min \u00e0s 12h00min e de 13h00min \u00e0s 16h00min. Tel.:\u00a0<a href=\"tel:%2832%29%203357-1235\">(32) 3216-1053<\/a>\/ (32) 9 9199-6496 (<em>Whatsapp<\/em>). Coronel Xavier Chaves, 19 de mar\u00e7o de\u00a02025. Juliana Jaques Camargos \u2013 Pregoeira.<\/p>\n<p style=\"text-align: justify;\"><del>Prefeitura Municipal de Coronel Xavier Chaves\/MG. Aviso de Licita\u00e7\u00e3o &#8211; Processo Licitat\u00f3rio \u2013\u00a028\/2025, Preg\u00e3o Eletr\u00f4nico \u2013 16\/2025, do tipo\u00a0<u>Maior Desconto por Item.\u00a0<\/u>Objeto:\u00a0<b>AQUISI\u00c7\u00c3O DE MEDICAMENTOS GEN\u00c9RICOS, SIMILARES, INJET\u00c1VEIS, ESPEC\u00cdFICOS E BIOL\u00d3GICOS CONFORME LISTA CONSTANTE NA TABELA CMED\/ANVISA, CONSIDERANDO O MAIOR DESCONTO SOBRE A COLUNA PF (PRE\u00c7O F\u00c1BRICA), PARA ATENDER \u00c0S NECESSIDADES DA FARM\u00c1CIA DE MINAS \u201cJANDIR SILVA\u201d E DOS PACIENTES DA REDE MUNICIPAL DE SA\u00daDE DE CORONEL XAVIER CHAVES\/MG.<\/b>\u00a0Limite de acolhimento das propostas: dia\u00a0<s>19\/03\/2025<\/s>\u00a0 21\/03\/2025 \u00e0s 07h59min.\u00a0<b>DISPUTA:\u00a0<s>19\/03\/2025<\/s>\u00a021\/03\/2025, \u00e0s 08h30min, na Plataforma LICITAPP<\/b>,\u00a0<a href=\"https:\/\/coronelxavierchaves.licitapp.com.br\/\" target=\"_blank\" rel=\"noopener\" data-saferedirecturl=\"https:\/\/www.google.com\/url?q=https:\/\/coronelxavierchaves.licitapp.com.br\/&amp;source=gmail&amp;ust=1743000619259000&amp;usg=AOvVaw2vldYurdxBHahEm2IOOLf7\">https:\/\/<wbr \/>coronelxavierchaves.licitapp.<wbr \/>com.br\/\/<\/a>.\u00a0O edital est\u00e1 dispon\u00edvel no site\u00a0\u201c<a href=\"http:\/\/www.coronelxavierchaves.mg.gov.br\/\" target=\"_blank\" rel=\"noopener\" data-saferedirecturl=\"https:\/\/www.google.com\/url?q=http:\/\/www.coronelxavierchaves.mg.gov.br\/&amp;source=gmail&amp;ust=1743000619259000&amp;usg=AOvVaw3YHHWKx4SQ7S-XM30edzjk\">www.coronelxavierchaves.<wbr \/>mg.gov.br<\/a>&#8220;, mais informa\u00e7\u00f5es\u00a0na prefeitura municipal \u00e0 Rua Padre Reis, 84, Centro, Coronel Xavier Chaves\/MG, no hor\u00e1rio de 08h00min \u00e0s 12h00min e de 13h00min \u00e0s 16h00min. Tel.:\u00a0<a href=\"tel:%2832%29%203357-1235\" target=\"_blank\" rel=\"noopener\">(32) 3216-1053<\/a>\/ (32) 9 9199-6496 (<i>Whatsapp<\/i>). Coronel Xavier Chaves, 13 de mar\u00e7o de\u00a02025. Juliana Jaques Camargos \u2013 Pregoeira.<\/del><\/p>\n<p style=\"text-align: justify;\"><del>Prefeitura Municipal de Coronel Xavier Chaves\/MG. Aviso de Licita\u00e7\u00e3o &#8211; Processo Licitat\u00f3rio \u2013 28\/2025, Preg\u00e3o Eletr\u00f4nico \u2013 16\/2025, do tipo\u00a0<u>Maior Desconto por Item.\u00a0<\/u>Objeto:\u00a0<strong>AQUISI\u00c7\u00c3O DE MEDICAMENTOS GEN\u00c9RICOS, SIMILARES, INJET\u00c1VEIS, ESPEC\u00cdFICOS E BIOL\u00d3GICOS CONFORME LISTA CONSTANTE NA TABELA CMED\/ANVISA, CONSIDERANDO O MAIOR DESCONTO SOBRE A COLUNA PF (PRE\u00c7O F\u00c1BRICA), PARA ATENDER \u00c0S NECESSIDADES DA FARM\u00c1CIA DE MINAS \u201cJANDIR SILVA\u201d E DOS PACIENTES DA REDE MUNICIPAL DE SA\u00daDE DE CORONEL XAVIER CHAVES\/MG.<\/strong>\u00a0Limite de acolhimento das propostas: dia 19\/03\/2025 \u00e0s 07h59min.\u00a0<strong>DISPUTA: 19\/03\/2025, \u00e0s 08h30min, na Plataforma LICITAPP<\/strong>,\u00a0<a href=\"https:\/\/coronelxavierchaves.licitapp.com.br\/\">https:\/\/coronelxavierchaves.licitapp.com.br\/\/<\/a>.\u00a0O edital est\u00e1 dispon\u00edvel no site\u00a0\u201c<a href=\"http:\/\/www.coronelxavierchaves.mg.gov.br\/\">www.coronelxavierchaves.mg.gov.br<\/a>&#8220;, mais informa\u00e7\u00f5es\u00a0na prefeitura municipal \u00e0 Rua Padre Reis, 84, Centro, Coronel Xavier Chaves\/MG, no hor\u00e1rio de 08h00min \u00e0s 12h00min e de 13h00min \u00e0s 16h00min. Tel.:\u00a0<a href=\"tel:%2832%29%203357-1235\">(32) 3216-1053<\/a>\/ (32) 9 9199-6496 (<em>Whatsapp<\/em>). Coronel Xavier Chaves, 06 de mar\u00e7o de 2025. Juliana Jaques Camargos \u2013 Pregoeira.<\/del><\/p>\n<p>&nbsp;<\/p>\n<p>&nbsp;<\/p>\n<div class=\"printshowonly\">\n<p>*<b>PUBLICA\u00c7\u00c3O<\/b><\/p>\n<ul>\n<li>Um destaque desta publica\u00e7\u00e3o foi gerado na p\u00e1gina inicial do site, dispon\u00edvel at\u00e9 que demais publica\u00e7\u00f5es sejam realizadas.<\/li>\n<li>Uma publica\u00e7\u00e3o permanente foi feita na p\u00e1gina de Editais e Licita\u00e7\u00f5es.<\/li>\n<li>Link para acesso: http:\/\/coronelxavierchaves.mg.gov.br\/prefeitura\/wp-json\/wp\/v2\/posts\/22926<\/li>\n<\/ul>\n<\/div>\n","protected":false},"excerpt":{"rendered":"<p>DOWNLOADS EDITAL, publicado em 06\/03\/2025 \u00e0s 11:59h. ERRATA, publicado em 13\/03\/2025 \u00e0s 16:42h. EDITAL RETIFICADO, publicado em 13\/03\/2025 \u00e0s 16:45h. 2\u00aa ERRATA, publicado em 20\/03\/2025 \u00e0s 09:10h. 2\u00ba EDITAL RETIFICADO, publicado em 20\/03\/2025 \u00e0s 09:16h. ATA DE REGISTRO DE PRE\u00c7OS: ALFALAGOS, publicado em 29\/04\/2025 \u00e0s 09:59h. ATA DE REGISTRO DE PRE\u00c7OS:: REALPHARMA, publicado em 29\/04\/2025 [&hellip;]<\/p>\n","protected":false},"author":3,"featured_media":4366,"comment_status":"closed","ping_status":"closed","sticky":false,"template":"","format":"standard","meta":{"footnotes":"","_links_to":"","_links_to_target":""},"categories":[135],"tags":[],"class_list":{"0":"post-22926","1":"post","2":"type-post","3":"status-publish","4":"format-standard","5":"has-post-thumbnail","7":"category-editais-de-licitacao-2025"},"_links":{"self":[{"href":"https:\/\/coronelxavierchaves.mg.gov.br\/prefeitura\/wp-json\/wp\/v2\/posts\/22926","targetHints":{"allow":["GET"]}}],"collection":[{"href":"https:\/\/coronelxavierchaves.mg.gov.br\/prefeitura\/wp-json\/wp\/v2\/posts"}],"about":[{"href":"https:\/\/coronelxavierchaves.mg.gov.br\/prefeitura\/wp-json\/wp\/v2\/types\/post"}],"author":[{"embeddable":true,"href":"https:\/\/coronelxavierchaves.mg.gov.br\/prefeitura\/wp-json\/wp\/v2\/users\/3"}],"replies":[{"embeddable":true,"href":"https:\/\/coronelxavierchaves.mg.gov.br\/prefeitura\/wp-json\/wp\/v2\/comments?post=22926"}],"version-history":[{"count":7,"href":"https:\/\/coronelxavierchaves.mg.gov.br\/prefeitura\/wp-json\/wp\/v2\/posts\/22926\/revisions"}],"predecessor-version":[{"id":23600,"href":"https:\/\/coronelxavierchaves.mg.gov.br\/prefeitura\/wp-json\/wp\/v2\/posts\/22926\/revisions\/23600"}],"wp:featuredmedia":[{"embeddable":true,"href":"https:\/\/coronelxavierchaves.mg.gov.br\/prefeitura\/wp-json\/wp\/v2\/media\/4366"}],"wp:attachment":[{"href":"https:\/\/coronelxavierchaves.mg.gov.br\/prefeitura\/wp-json\/wp\/v2\/media?parent=22926"}],"wp:term":[{"taxonomy":"category","embeddable":true,"href":"https:\/\/coronelxavierchaves.mg.gov.br\/prefeitura\/wp-json\/wp\/v2\/categories?post=22926"},{"taxonomy":"post_tag","embeddable":true,"href":"https:\/\/coronelxavierchaves.mg.gov.br\/prefeitura\/wp-json\/wp\/v2\/tags?post=22926"}],"curies":[{"name":"wp","href":"https:\/\/api.w.org\/{rel}","templated":true}]}}