{"id":22937,"date":"2025-03-07T16:05:00","date_gmt":"2025-03-07T19:05:00","guid":{"rendered":"https:\/\/coronelxavierchaves.mg.gov.br\/prefeitura\/?p=22937"},"modified":"2025-03-07T16:05:00","modified_gmt":"2025-03-07T19:05:00","slug":"ata-de-registro-de-precos-pl-15-2025-contratacao-de-empresa-especializada-em-fornecimento-de-pedra-britada-no-00-e-01-mistura-para-concreto-pedra-de-calcamento-e-pedra-rachao-repeticao","status":"publish","type":"post","link":"https:\/\/coronelxavierchaves.mg.gov.br\/prefeitura\/2025\/03\/07\/ata-de-registro-de-precos-pl-15-2025-contratacao-de-empresa-especializada-em-fornecimento-de-pedra-britada-no-00-e-01-mistura-para-concreto-pedra-de-calcamento-e-pedra-rachao-repeticao\/","title":{"rendered":"Ata de registro de pre\u00e7os (PL 15\/2025) &#8211; Contrata\u00e7\u00e3o de empresa especializada em fornecimento de pedra britada n\u00ba 00 e 01, mistura para concreto, pedra de cal\u00e7amento e pedra rach\u00e3o &#8211; (Repeti\u00e7\u00e3o)"},"content":{"rendered":"<blockquote><p>DOWNLOADS<\/p><\/blockquote>\n<ul>\n<li><a href=\"https:\/\/coronelxavierchaves.mg.gov.br\/prefeitura\/wp-content\/uploads\/2025\/03\/ARP-JAF-15-2025.pdf\">ATA DE REGISTRO DE PRE\u00c7OS: JAF<\/a>, publicado em 07\/03\/2025 \u00e0s 16:04h.<\/li>\n<\/ul>\n<blockquote><p>OBJETO<\/p><\/blockquote>\n<div style=\"text-align: justify;\">\n<div style=\"text-align: justify;\"><b><span lang=\"PT\">REGISTRO DE PRE\u00c7OS PARA FUTURA E EVENTUAL CONTRATA\u00c7\u00c3O DE EMPRESA ESPECIALIZADA EM FORNECIMENTO DE PEDRA BRITADA N\u00ba 00 E 01, MISTURA PARA CONCRETO (BRITA, AREIA E P\u00d3 DE PEDRA), PEDRA DE CAL\u00c7AMENTO (GNAISSE) E PEDRA RACH\u00c3O PARA SEREM UTILIZADOS PELA SECRETARIA MUNICIPAL DE OBRAS E URBANISMO EM EVENTUAIS MANUTEN\u00c7\u00d5ES (REPETI\u00c7\u00c3O).<\/span><\/b><\/div>\n<div>\n<p>&nbsp;<\/p>\n<div>\n<p>*<b>PUBLICA\u00c7\u00c3O<\/b><\/p>\n<ul>\n<li>Um destaque desta publica\u00e7\u00e3o foi gerado na p\u00e1gina inicial do site, dispon\u00edvel at\u00e9 que demais publica\u00e7\u00f5es sejam realizadas.<\/li>\n<li>Uma publica\u00e7\u00e3o permanente foi feita na p\u00e1gina de Editais e Licita\u00e7\u00f5es.<\/li>\n<li>Link para acesso:\u00a0http:\/\/coronelxavierchaves.mg.gov.br\/prefeitura\/wp-json\/wp\/v2\/posts\/22937<\/li>\n<\/ul>\n<\/div>\n<\/div>\n<\/div>\n","protected":false},"excerpt":{"rendered":"<p>DOWNLOADS ATA DE REGISTRO DE PRE\u00c7OS: JAF, publicado em 07\/03\/2025 \u00e0s 16:04h. OBJETO REGISTRO DE PRE\u00c7OS PARA FUTURA E EVENTUAL CONTRATA\u00c7\u00c3O DE EMPRESA ESPECIALIZADA EM FORNECIMENTO DE PEDRA BRITADA N\u00ba 00 E 01, MISTURA PARA CONCRETO (BRITA, AREIA E P\u00d3 DE PEDRA), PEDRA DE CAL\u00c7AMENTO (GNAISSE) E PEDRA RACH\u00c3O PARA SEREM UTILIZADOS PELA SECRETARIA MUNICIPAL [&hellip;]<\/p>\n","protected":false},"author":3,"featured_media":4367,"comment_status":"open","ping_status":"open","sticky":false,"template":"","format":"standard","meta":{"footnotes":"","_links_to":"","_links_to_target":""},"categories":[139],"tags":[],"class_list":{"0":"post-22937","1":"post","2":"type-post","3":"status-publish","4":"format-standard","5":"has-post-thumbnail","7":"category-contratos-aditivos-atas-e-outros-2025"},"_links":{"self":[{"href":"https:\/\/coronelxavierchaves.mg.gov.br\/prefeitura\/wp-json\/wp\/v2\/posts\/22937","targetHints":{"allow":["GET"]}}],"collection":[{"href":"https:\/\/coronelxavierchaves.mg.gov.br\/prefeitura\/wp-json\/wp\/v2\/posts"}],"about":[{"href":"https:\/\/coronelxavierchaves.mg.gov.br\/prefeitura\/wp-json\/wp\/v2\/types\/post"}],"author":[{"embeddable":true,"href":"https:\/\/coronelxavierchaves.mg.gov.br\/prefeitura\/wp-json\/wp\/v2\/users\/3"}],"replies":[{"embeddable":true,"href":"https:\/\/coronelxavierchaves.mg.gov.br\/prefeitura\/wp-json\/wp\/v2\/comments?post=22937"}],"version-history":[{"count":1,"href":"https:\/\/coronelxavierchaves.mg.gov.br\/prefeitura\/wp-json\/wp\/v2\/posts\/22937\/revisions"}],"predecessor-version":[{"id":22940,"href":"https:\/\/coronelxavierchaves.mg.gov.br\/prefeitura\/wp-json\/wp\/v2\/posts\/22937\/revisions\/22940"}],"wp:featuredmedia":[{"embeddable":true,"href":"https:\/\/coronelxavierchaves.mg.gov.br\/prefeitura\/wp-json\/wp\/v2\/media\/4367"}],"wp:attachment":[{"href":"https:\/\/coronelxavierchaves.mg.gov.br\/prefeitura\/wp-json\/wp\/v2\/media?parent=22937"}],"wp:term":[{"taxonomy":"category","embeddable":true,"href":"https:\/\/coronelxavierchaves.mg.gov.br\/prefeitura\/wp-json\/wp\/v2\/categories?post=22937"},{"taxonomy":"post_tag","embeddable":true,"href":"https:\/\/coronelxavierchaves.mg.gov.br\/prefeitura\/wp-json\/wp\/v2\/tags?post=22937"}],"curies":[{"name":"wp","href":"https:\/\/api.w.org\/{rel}","templated":true}]}}